{"id":124798,"date":"2017-11-02T16:48:42","date_gmt":"2017-11-02T18:48:42","guid":{"rendered":"https:\/\/www.redenoticia.com.br\/noticia\/?p=124798"},"modified":"2017-11-02T15:49:23","modified_gmt":"2017-11-02T17:49:23","slug":"resumo-novela-chiquititas-0311-cicero-vai-ao-desfile-de-vivi","status":"publish","type":"post","link":"https:\/\/migracao.redenoticia.com.br\/noticia\/2017\/resumo-novela-chiquititas-0311-cicero-vai-ao-desfile-de-vivi\/124798","title":{"rendered":"Resumo novela \u201cChiquititas\u201d 03\/11: C\u00edcero vai ao desfile de Vivi"},"content":{"rendered":"<p><img loading=\"lazy\" decoding=\"async\" class=\"alignleft size-thumbnail wp-image-49690\" src=\"https:\/\/migracao.redenoticia.com.br\/noticia\/imagens\/chiquititas1-150x112.jpg\" alt=\"chiquititas\" width=\"150\" height=\"112\" \/><strong><em>Resumo novela \u201cChiquititas\u201d 03\/11<\/em><\/strong>: no cap\u00edtulo 299(*) da novela \u201cChiquititas\u201d, resumo de sexta-feira, 03 de novembro, Mili decide conversar com Mosca para saber se ele leu sua carta com a declara\u00e7\u00e3o. A chiquitita n\u00e3o sabe que Marian sumiu com a carta antes de Mosca ler o que estava escrito. Mili v\u00ea Mosca com Janu e diz para Cris que tem certeza que ele est\u00e1 interessado na vizinha encrenqueira. Na exposi\u00e7\u00e3o, Junior fica pr\u00f3ximo de reencontra sua irm\u00e3, Gabriela, que est\u00e1 sem mem\u00f3ria e pensa se chamar Sofia devido um plano mal\u00e9fico de Carmen. Na exposi\u00e7\u00e3o com as pinturas de Gabriela, Carmen aparece e inventa um pretexto para tirar Gabriela do local e assim evitar o encontro da mulher com Junior. Pata e Vivi chegam ao local onde foram seu primeiro desfile. Eduarda e Shirley far\u00e3o a maquiagem e cabelo das modelos. Dani se esconde na casa da \u00e1rvore dos meninos do orfanato. Bruno est\u00e1 preocupado com o desaparecimento de Dani. Carol tamb\u00e9m est\u00e1 muito aflita. Marian consegue entrar nos bastidores do desfile e passa vaselina no sapato que Pata ir\u00e1 usar. C\u00edcero est\u00e1 no desfile a convite de Shirley. O homem v\u00ea suas filhas, Vivi desfilando e Tati na plateia. Cicero se emociona e se esconde para n\u00e3o ser visto. Na vez de Pata desfilar, o sapato gruda no ch\u00e3o e ela cai. A chiquitita n\u00e3o perde tempo, tira o sapato e continua o desfile. Nos bastidores, Pata pensa que Vivi foi a respons\u00e1vel, pois ela estava com ci\u00fame. Vivi garante n\u00e3o ser a respons\u00e1vel. De volta a passarela, Vivi v\u00ea seu pai na plateia e chora muito quando chega nos bastidores.<\/p>\n<p>(*) edi\u00e7\u00e3o do SBT, Novela \u201cChiquititas\u201d, sujeito a altera\u00e7\u00e3o de data e conte\u00fado.<\/p>\n<p>Chiquititas gira em torno do orfanato Raio de Luz, que carrega em sua hist\u00f3ria um grande segredo envolvendo a fam\u00edlia e o dono do orfanato, Dr. Jos\u00e9 Ricardo Almeida Campos. Em um per\u00edodo anterior \u00e0 novela, exatos treze anos, sua filha Gabriela se apaixonou e ficou gr\u00e1vida de Miguel, filho de Valentina, empregada da casa dos Almeida Campos. Pouco depois, Jos\u00e9 Ricardo sequestrou sua neta, pois, como um homem conservador, ele n\u00e3o aceitava a ideia de que sua filha se envolvesse com um empregado. Como sua neta, Milena, apelidada como Mili, precisava de um lugar para morar, ele comprou um casar\u00e3o e fundou um orfanato, o Raio de Luz. Mili cresceu l\u00e1 com outras garotas que chegaram posteriormente: Bia, Ana, as irm\u00e3s Tati e Vivi, e Cris. Ao decorrer dos anos, elas se tornam uma fam\u00edlia. Elas s\u00e3o supervisionadas por Ernestina, zeladora do orfanato, e Chico, o cozinheiro amado pelas internas. Sofia, ex-governanta da fam\u00edlia Almeida Campos, \u00e9 a diretora do lugar, at\u00e9 que Carmem, irm\u00e3 de Jos\u00e9 Ricardo, entre em seu lugar. Chegam ainda mais \u00f3rf\u00e3os: Pata, Mosca, Binho e Rafa, que viviam nas ruas antes de entrarem na institui\u00e7\u00e3o. Pata e Mili tornam-se amigas rapidamente, enquanto Mosca, Binho e Rafa s\u00e3o os primeiros garotos a entrar no abrigo. As crian\u00e7as sem-teto foram ajudadas por uma doce e bela garota que tocam e mudam a vida delas, assim como as das garotas \u00f3rf\u00e3s.<\/p>\n","protected":false},"excerpt":{"rendered":"<p>Resumo novela \u201cChiquititas\u201d 03\/11: no cap\u00edtulo 299(*) da novela \u201cChiquititas\u201d, resumo de sexta-feira, 03 de novembro, Mili decide conversar com Mosca para saber se ele leu sua carta com a declara\u00e7\u00e3o. A chiquitita n\u00e3o sabe que Marian sumiu com a carta antes de Mosca ler o que estava escrito. Mili v\u00ea Mosca com Janu e [&hellip;]<\/p>\n","protected":false},"author":4,"featured_media":49690,"comment_status":"open","ping_status":"closed","sticky":false,"template":"","format":"standard","meta":{"tdm_status":"","tdm_grid_status":"","footnotes":""},"categories":[409,379,372,343],"tags":[441],"class_list":{"0":"post-124798","1":"post","2":"type-post","3":"status-publish","4":"format-standard","5":"has-post-thumbnail","7":"category-chiquititas","8":"category-novelas","9":"category-sbt","10":"category-televisao","11":"tag-resumo-do-dia"},"_links":{"self":[{"href":"https:\/\/migracao.redenoticia.com.br\/noticia\/wp-json\/wp\/v2\/posts\/124798","targetHints":{"allow":["GET"]}}],"collection":[{"href":"https:\/\/migracao.redenoticia.com.br\/noticia\/wp-json\/wp\/v2\/posts"}],"about":[{"href":"https:\/\/migracao.redenoticia.com.br\/noticia\/wp-json\/wp\/v2\/types\/post"}],"author":[{"embeddable":true,"href":"https:\/\/migracao.redenoticia.com.br\/noticia\/wp-json\/wp\/v2\/users\/4"}],"replies":[{"embeddable":true,"href":"https:\/\/migracao.redenoticia.com.br\/noticia\/wp-json\/wp\/v2\/comments?post=124798"}],"version-history":[{"count":0,"href":"https:\/\/migracao.redenoticia.com.br\/noticia\/wp-json\/wp\/v2\/posts\/124798\/revisions"}],"wp:featuredmedia":[{"embeddable":true,"href":"https:\/\/migracao.redenoticia.com.br\/noticia\/wp-json\/wp\/v2\/media\/49690"}],"wp:attachment":[{"href":"https:\/\/migracao.redenoticia.com.br\/noticia\/wp-json\/wp\/v2\/media?parent=124798"}],"wp:term":[{"taxonomy":"category","embeddable":true,"href":"https:\/\/migracao.redenoticia.com.br\/noticia\/wp-json\/wp\/v2\/categories?post=124798"},{"taxonomy":"post_tag","embeddable":true,"href":"https:\/\/migracao.redenoticia.com.br\/noticia\/wp-json\/wp\/v2\/tags?post=124798"}],"curies":[{"name":"wp","href":"https:\/\/api.w.org\/{rel}","templated":true}]}}