{"id":124828,"date":"2017-11-03T00:25:42","date_gmt":"2017-11-03T02:25:42","guid":{"rendered":"https:\/\/www.redenoticia.com.br\/noticia\/?p=124828"},"modified":"2017-11-02T17:12:34","modified_gmt":"2017-11-02T19:12:34","slug":"pos-graduacao-em-bioengenharia-na-usp-recebe-inscricoes-ate-6-de-novembro","status":"publish","type":"post","link":"https:\/\/migracao.redenoticia.com.br\/noticia\/2017\/pos-graduacao-em-bioengenharia-na-usp-recebe-inscricoes-ate-6-de-novembro\/124828","title":{"rendered":"P\u00f3s-gradua\u00e7\u00e3o em Bioengenharia na USP recebe inscri\u00e7\u00f5es at\u00e9 6 de novembro"},"content":{"rendered":"<p> Ag\u00eancia FAPESP\u00a0\u2013 Est\u00e3o abertas, at\u00e9 6 de novembro de 2017, as inscri\u00e7\u00f5es para os processos seletivos para os cursos de mestrado e doutorado do Programa de <strong><em>P\u00f3s-Gradua\u00e7\u00e3o Interunidades em Bioengenharia da USP<\/em><\/strong>, oferecido em conjunto pela Escola de Engenharia de S\u00e3o Carlos, a Faculdade de Medicina de Ribeir\u00e3o Preto e o Instituto de Qu\u00edmica de S\u00e3o Carlos.<\/p>\n<p>No n\u00edvel de mestrado, poder\u00e3o inscrever-se candidatos graduados ou que no ato da matr\u00edcula tiverem conclu\u00eddo o curso de gradua\u00e7\u00e3o nas \u00e1reas de Ci\u00eancias Exatas, Engenharias, Biol\u00f3gicas e da Sa\u00fade, oriundos de institui\u00e7\u00f5es de ensino superior oficialmente reconhecidas no Brasil ou no exterior.<\/p>\n<p>Para o doutorado, poder\u00e3o se inscrever candidatos com mestrado nas \u00e1reas de Ci\u00eancias Exatas, Engenharias, Biol\u00f3gicas e da Sa\u00fade, de programas de p\u00f3s-gradua\u00e7\u00e3o. No caso de candidatos ao doutorado direto, alunos graduados nas \u00e1reas de Ci\u00eancias Exatas, Engenharias, Biol\u00f3gicas e da Sa\u00fade, em institui\u00e7\u00f5es de ensino superior, oficialmente reconhecidas no Brasil ou no exterior.<\/p>\n<p>Os candidatos ao doutorado ser\u00e3o selecionados por meio de an\u00e1lise baseada na documenta\u00e7\u00e3o solicitada (curriculum vitae, hist\u00f3rico escolar de gradua\u00e7\u00e3o e de p\u00f3s-gradua\u00e7\u00e3o, duas cartas de recomenda\u00e7\u00e3o e projeto de pesquisa). Adicionalmente, cada candidato dever\u00e1 fazer uma apresenta\u00e7\u00e3o de seu projeto de pesquisa, com dura\u00e7\u00e3o m\u00e1xima de 30 minutos, a uma banca constitu\u00edda por ao menos dois membros.<\/p>\n<p>A divulga\u00e7\u00e3o da sele\u00e7\u00e3o dos candidatos estar\u00e1 dispon\u00edvel no\u00a0\u00a0a partir do dia 15 de dezembro. A primeira etapa das inscri\u00e7\u00f5es deve ser tamb\u00e9m feita pelo\u00a0\u00a0da Bioengenharia.<\/p>\n<p>Mais informa\u00e7\u00f5es sobre as vagas, inscri\u00e7\u00f5es e processo seletivo est\u00e3o no edital dispon\u00edvel em:\u00a0.<\/p>\n","protected":false},"excerpt":{"rendered":"<p>Ag\u00eancia FAPESP\u00a0\u2013 Est\u00e3o abertas, at\u00e9 6 de novembro de 2017, as inscri\u00e7\u00f5es para os processos seletivos para os cursos de mestrado e doutorado do Programa de P\u00f3s-Gradua\u00e7\u00e3o Interunidades em Bioengenharia da USP, oferecido em conjunto pela Escola de Engenharia de S\u00e3o Carlos, a Faculdade de Medicina de Ribeir\u00e3o Preto e o Instituto de Qu\u00edmica de [&hellip;]<\/p>\n","protected":false},"author":2,"featured_media":36248,"comment_status":"open","ping_status":"closed","sticky":false,"template":"","format":"standard","meta":{"tdm_status":"","tdm_grid_status":"","footnotes":""},"categories":[22,351,370],"tags":[],"class_list":{"0":"post-124828","1":"post","2":"type-post","3":"status-publish","4":"format-standard","5":"has-post-thumbnail","7":"category-brasil","8":"category-cursos","9":"category-inscricao"},"_links":{"self":[{"href":"https:\/\/migracao.redenoticia.com.br\/noticia\/wp-json\/wp\/v2\/posts\/124828","targetHints":{"allow":["GET"]}}],"collection":[{"href":"https:\/\/migracao.redenoticia.com.br\/noticia\/wp-json\/wp\/v2\/posts"}],"about":[{"href":"https:\/\/migracao.redenoticia.com.br\/noticia\/wp-json\/wp\/v2\/types\/post"}],"author":[{"embeddable":true,"href":"https:\/\/migracao.redenoticia.com.br\/noticia\/wp-json\/wp\/v2\/users\/2"}],"replies":[{"embeddable":true,"href":"https:\/\/migracao.redenoticia.com.br\/noticia\/wp-json\/wp\/v2\/comments?post=124828"}],"version-history":[{"count":0,"href":"https:\/\/migracao.redenoticia.com.br\/noticia\/wp-json\/wp\/v2\/posts\/124828\/revisions"}],"wp:featuredmedia":[{"embeddable":true,"href":"https:\/\/migracao.redenoticia.com.br\/noticia\/wp-json\/wp\/v2\/media\/36248"}],"wp:attachment":[{"href":"https:\/\/migracao.redenoticia.com.br\/noticia\/wp-json\/wp\/v2\/media?parent=124828"}],"wp:term":[{"taxonomy":"category","embeddable":true,"href":"https:\/\/migracao.redenoticia.com.br\/noticia\/wp-json\/wp\/v2\/categories?post=124828"},{"taxonomy":"post_tag","embeddable":true,"href":"https:\/\/migracao.redenoticia.com.br\/noticia\/wp-json\/wp\/v2\/tags?post=124828"}],"curies":[{"name":"wp","href":"https:\/\/api.w.org\/{rel}","templated":true}]}}