{"id":124835,"date":"2017-11-03T00:29:49","date_gmt":"2017-11-03T02:29:49","guid":{"rendered":"https:\/\/www.redenoticia.com.br\/noticia\/?p=124835"},"modified":"2017-11-02T17:18:24","modified_gmt":"2017-11-02T19:18:24","slug":"cancer-da-prostata-preconceito-reduz-chances-de-diagnostico-precoce","status":"publish","type":"post","link":"https:\/\/migracao.redenoticia.com.br\/noticia\/2017\/cancer-da-prostata-preconceito-reduz-chances-de-diagnostico-precoce\/124835","title":{"rendered":"C\u00e2ncer da pr\u00f3stata: preconceito reduz chances de diagn\u00f3stico precoce"},"content":{"rendered":"<p> O preconceito continua sendo o principal obst\u00e1culo para a <strong><em>preven\u00e7\u00e3o do c\u00e2ncer de pr\u00f3stata<\/em><\/strong>. No Brasil, um entre cada quatro homens n\u00e3o faz o exame m\u00e9dico necess\u00e1rio para detectar a doen\u00e7a. E o exame preventivo \u00e9 fundamental para a cura do paciente, de acordo com o m\u00e9dico urologista\u00a0Giuliano Betono Gugliemetti, do Instituto do C\u00e2ncer do Estado de S\u00e3o Paulo (Icesp).\u201cO tumor do c\u00e2ncer da pr\u00f3stata cresce devagar e a sua detec\u00e7\u00e3o precoce abre uma janela muito boa para a recupera\u00e7\u00e3o do paciente\u201d, diz o m\u00e9dico urologista. \u201cSe o tratamento acontecer em sua fase inicial as chances de cura s\u00e3o muito maiores. Hoje, n\u00f3s temos \u00e0 disposi\u00e7\u00e3o muitos tipos de tratamento como a radioterapia, a quimioterapia e outros que est\u00e3o surgindo. Mas se o diagn\u00f3stico for muito tardio as chances de recupera\u00e7\u00e3o s\u00e3o muito pequenas\u201d, afirma.<\/p>\n<p>Em sua experi\u00eancia cl\u00ednica, o m\u00e9dico admite\u00a0 que atende cada vez mais pacientes com c\u00e2ncer de pr\u00f3stata. Ele acredita que uma das causas est\u00e1 na progress\u00e3o do envelhecimento da popula\u00e7\u00e3o. Atualmente, o c\u00e2ncer da pr\u00f3stata \u00e9 o segundo tipo de c\u00e2ncer que mais atinge os brasileiros, depois do c\u00e2ncer de pele.<\/p>\n<p>Segundo ele, quanto mais velho o indiv\u00edduo maior \u00e9 a chance de incid\u00eancia. \u201cA popula\u00e7\u00e3o est\u00e1 envelhecendo e isso faz com que os casos de c\u00e2ncer de pr\u00f3stata sejam mais frequentes no Brasil\u201d, afirma.<\/p>\n<p>Por isso , Gugliemetti considera fundamental a campanha do Novembro Azul que tem in\u00edcio nesta quarta-feira, 1\u00ba de novembro. para conscientizar a popula\u00e7\u00e3o masculina para fazer os exames peri\u00f3dicos e conseguir fazer o diagn\u00f3stico precoce. \u201cO exame deve ser feito pelos homens com idade superior aos 45 anos, com intervalo de um ano entre um e outro, principalmente<\/p>\n<p>As origens do Novembro Azul<br \/>\nEm 17 de novembro se celebra o Dia Mundial de Combate do C\u00e2ncer de Pr\u00f3stata. O movimento que teve origem na Austr\u00e1lia, em 2003, estendeu as programa\u00e7\u00f5es para todo o m\u00eas de novembro e ganhou ades\u00e3o em v\u00e1rios pa\u00edses, incluindo o Brasil.<\/p>\n<p>O objetivo \u00e9 chamar a aten\u00e7\u00e3o dos homens para a necessidade de fazer exames preventivos do c\u00e2ncer de pr\u00f3stata. \u00c9 um alerta para que os homens deixem o preconceito de lado para dar mais aten\u00e7\u00e3o \u00e0 sa\u00fade.<\/p>\n<p>Informa\u00e7\u00f5es importantes sobre o c\u00e2ncer de pr\u00f3stata<br \/>\nExame de toque retal e o exame de sangue espec\u00edfico (PVA) e ultrassonografia do abdome e da pr\u00f3stata, para confirmar o diagn\u00f3stico, s\u00e3o os exames indicados para preven\u00e7\u00e3o do c\u00e2ncer de pr\u00f3stata.<\/p>\n<p>O exame de toque retal n\u00e3o afeta a masculinidade e demonstra o cuidado do homem com a preven\u00e7\u00e3o de sua sa\u00fade e integridade.<\/p>\n<p>As visitas m\u00e9dicas devem ocorrer anualmente, a partir dos 45 anos de idade. A necessidade dos exames \u00e9 maior quanto maior \u00e9 a idade do indiv\u00edduo. A probabilidade tamb\u00e9m aumenta para aqueles que t\u00eam pais que foram afetados pela doen\u00e7a.<\/p>\n<p>O tumor de c\u00e2ncer na pr\u00f3stata se tratado no in\u00edcio tem amplas possibilidades de cura.<\/p>\n<p>O mesmo n\u00e3o se pode dizer em rela\u00e7\u00e3o aos diagn\u00f3sticos tardios. Se o tumor se expandir para al\u00e9m da pr\u00f3stata ir\u00e1 atingir outros \u00f3rg\u00e3os.<\/p>\n<p>Os sintomas come\u00e7am pela dificuldade de urinar at\u00e9 o ponto de n\u00e3o conseguir mais, e o comprometimento dos ossos do corpo e fratura patol\u00f3gica (sem necessidade de traumas).<\/p>\n<p>A cada 10 homens com c\u00e2ncer de pr\u00f3stata, 9 t\u00eam mais de 55 anos de idade.<\/p>\n<p>Um em cada 5 homens pode vir a ter o c\u00e2ncer de pr\u00f3stata no Brasil e um em cada 8 podem morrer por causa da doen\u00e7a.<\/p>\n<p>Do Portal do Governo SP<\/p>\n","protected":false},"excerpt":{"rendered":"<p>O preconceito continua sendo o principal obst\u00e1culo para a preven\u00e7\u00e3o do c\u00e2ncer de pr\u00f3stata. No Brasil, um entre cada quatro homens n\u00e3o faz o exame m\u00e9dico necess\u00e1rio para detectar a doen\u00e7a. E o exame preventivo \u00e9 fundamental para a cura do paciente, de acordo com o m\u00e9dico urologista\u00a0Giuliano Betono Gugliemetti, do Instituto do C\u00e2ncer do [&hellip;]<\/p>\n","protected":false},"author":2,"featured_media":37376,"comment_status":"open","ping_status":"closed","sticky":false,"template":"","format":"standard","meta":{"tdm_status":"","tdm_grid_status":"","footnotes":""},"categories":[22,5],"tags":[],"class_list":{"0":"post-124835","1":"post","2":"type-post","3":"status-publish","4":"format-standard","5":"has-post-thumbnail","7":"category-brasil","8":"category-saude-e-vida"},"_links":{"self":[{"href":"https:\/\/migracao.redenoticia.com.br\/noticia\/wp-json\/wp\/v2\/posts\/124835","targetHints":{"allow":["GET"]}}],"collection":[{"href":"https:\/\/migracao.redenoticia.com.br\/noticia\/wp-json\/wp\/v2\/posts"}],"about":[{"href":"https:\/\/migracao.redenoticia.com.br\/noticia\/wp-json\/wp\/v2\/types\/post"}],"author":[{"embeddable":true,"href":"https:\/\/migracao.redenoticia.com.br\/noticia\/wp-json\/wp\/v2\/users\/2"}],"replies":[{"embeddable":true,"href":"https:\/\/migracao.redenoticia.com.br\/noticia\/wp-json\/wp\/v2\/comments?post=124835"}],"version-history":[{"count":0,"href":"https:\/\/migracao.redenoticia.com.br\/noticia\/wp-json\/wp\/v2\/posts\/124835\/revisions"}],"wp:featuredmedia":[{"embeddable":true,"href":"https:\/\/migracao.redenoticia.com.br\/noticia\/wp-json\/wp\/v2\/media\/37376"}],"wp:attachment":[{"href":"https:\/\/migracao.redenoticia.com.br\/noticia\/wp-json\/wp\/v2\/media?parent=124835"}],"wp:term":[{"taxonomy":"category","embeddable":true,"href":"https:\/\/migracao.redenoticia.com.br\/noticia\/wp-json\/wp\/v2\/categories?post=124835"},{"taxonomy":"post_tag","embeddable":true,"href":"https:\/\/migracao.redenoticia.com.br\/noticia\/wp-json\/wp\/v2\/tags?post=124835"}],"curies":[{"name":"wp","href":"https:\/\/api.w.org\/{rel}","templated":true}]}}