{"id":124993,"date":"2017-11-06T00:05:22","date_gmt":"2017-11-06T02:05:22","guid":{"rendered":"https:\/\/www.redenoticia.com.br\/noticia\/?p=124993"},"modified":"2017-11-05T17:40:57","modified_gmt":"2017-11-05T19:40:57","slug":"educacao-oferece-curso-de-libras-on-line-gratuito-para-alunos-da-rede","status":"publish","type":"post","link":"https:\/\/migracao.redenoticia.com.br\/noticia\/2017\/educacao-oferece-curso-de-libras-on-line-gratuito-para-alunos-da-rede\/124993","title":{"rendered":"Educa\u00e7\u00e3o oferece curso de Libras on-line gratuito para alunos da rede"},"content":{"rendered":"<p> Para promover a inclus\u00e3o, a Evesp (Escola Virtual de Programas Educacionais) disponibiliza o <strong><em>curso de Libras on-line<\/em><\/strong> visando facilitar a comunica\u00e7\u00e3o com portadores de defici\u00eancia auditiva. As aulas s\u00e3o gratuitas e abertas a alunos do Ensino M\u00e9dio e Ensino Fundamental a partir do 7\u00ba ano, podendo ser acessadas a qualquer momento e sem necessidade de fazer matr\u00edcula. A \u00fanica exig\u00eancia \u00e9 informar o Registro do Aluno (R.A.).<\/p>\n<p>O curso virtual tem dura\u00e7\u00e3o de 80 horas e fica dispon\u00edvel 24 horas por dia, com uma s\u00e9rie de 16 epis\u00f3dios divididos em 2 m\u00f3dulos de exerc\u00edcios. Ao longo do curso, o estudante aprende express\u00f5es de temas do cotidiano (fam\u00edlia, escola, lazer) e caracter\u00edsticas pr\u00f3prias, como sintaxe, morfologia e sem\u00e2ntica.<\/p>\n<p>Cursos de idiomas<br \/>\nAl\u00e9m de Libras, a Evesp tamb\u00e9m possui curso de ingl\u00eas e espanhol. Ambos on-line e destinados aos alunos do Ensino M\u00e9dio regular e da Educa\u00e7\u00e3o de Jovens e Adultos.<\/p>\n<p>Saiba\u00a0.<\/p>\n<p>Do Portal do Governo SP<\/p>\n","protected":false},"excerpt":{"rendered":"<p>Para promover a inclus\u00e3o, a Evesp (Escola Virtual de Programas Educacionais) disponibiliza o curso de Libras on-line visando facilitar a comunica\u00e7\u00e3o com portadores de defici\u00eancia auditiva. As aulas s\u00e3o gratuitas e abertas a alunos do Ensino M\u00e9dio e Ensino Fundamental a partir do 7\u00ba ano, podendo ser acessadas a qualquer momento e sem necessidade de [&hellip;]<\/p>\n","protected":false},"author":2,"featured_media":57577,"comment_status":"open","ping_status":"closed","sticky":false,"template":"","format":"standard","meta":{"tdm_status":"","tdm_grid_status":"","footnotes":""},"categories":[22,351,370],"tags":[],"class_list":{"0":"post-124993","1":"post","2":"type-post","3":"status-publish","4":"format-standard","5":"has-post-thumbnail","7":"category-brasil","8":"category-cursos","9":"category-inscricao"},"_links":{"self":[{"href":"https:\/\/migracao.redenoticia.com.br\/noticia\/wp-json\/wp\/v2\/posts\/124993","targetHints":{"allow":["GET"]}}],"collection":[{"href":"https:\/\/migracao.redenoticia.com.br\/noticia\/wp-json\/wp\/v2\/posts"}],"about":[{"href":"https:\/\/migracao.redenoticia.com.br\/noticia\/wp-json\/wp\/v2\/types\/post"}],"author":[{"embeddable":true,"href":"https:\/\/migracao.redenoticia.com.br\/noticia\/wp-json\/wp\/v2\/users\/2"}],"replies":[{"embeddable":true,"href":"https:\/\/migracao.redenoticia.com.br\/noticia\/wp-json\/wp\/v2\/comments?post=124993"}],"version-history":[{"count":0,"href":"https:\/\/migracao.redenoticia.com.br\/noticia\/wp-json\/wp\/v2\/posts\/124993\/revisions"}],"wp:featuredmedia":[{"embeddable":true,"href":"https:\/\/migracao.redenoticia.com.br\/noticia\/wp-json\/wp\/v2\/media\/57577"}],"wp:attachment":[{"href":"https:\/\/migracao.redenoticia.com.br\/noticia\/wp-json\/wp\/v2\/media?parent=124993"}],"wp:term":[{"taxonomy":"category","embeddable":true,"href":"https:\/\/migracao.redenoticia.com.br\/noticia\/wp-json\/wp\/v2\/categories?post=124993"},{"taxonomy":"post_tag","embeddable":true,"href":"https:\/\/migracao.redenoticia.com.br\/noticia\/wp-json\/wp\/v2\/tags?post=124993"}],"curies":[{"name":"wp","href":"https:\/\/api.w.org\/{rel}","templated":true}]}}