{"id":124996,"date":"2017-11-06T00:06:00","date_gmt":"2017-11-06T02:06:00","guid":{"rendered":"https:\/\/www.redenoticia.com.br\/noticia\/?p=124996"},"modified":"2017-11-05T17:43:04","modified_gmt":"2017-11-05T19:43:04","slug":"check-up-gratuito-para-homens-programa-ja-realizou-188-mil-consultas","status":"publish","type":"post","link":"https:\/\/migracao.redenoticia.com.br\/noticia\/2017\/check-up-gratuito-para-homens-programa-ja-realizou-188-mil-consultas\/124996","title":{"rendered":"Check-up gratuito para homens: programa j\u00e1 realizou 188 mil consultas"},"content":{"rendered":"<p> O programa \u201cFilho que ama leva o pai ao AME\u201d j\u00e1 resultou no atendimento de 67 mil pessoas em todo o Estado, al\u00e9m da realiza\u00e7\u00e3o de 188 mil consultas. A iniciativa desenvolvida pela Secretaria de Estado da Sa\u00fade come\u00e7ou em mar\u00e7o de 2014 e estimula os filhos a levarem os pais a partir de 50 anos de idade a fazer <strong><em>check-up m\u00e9dico<\/em><\/strong> nos Ambulat\u00f3rios M\u00e9dicos de Especialidades.<\/p>\n<p>Al\u00e9m das consultas, os pais atendidos passam por exames preventivos nas \u00e1reas de enfermagem, cardiologia e urologia. O atendimento pelo programa ocorre sempre aos s\u00e1bados, das 9h at\u00e9 as 13h, em 25 unidades do AME, da capital, Grande S\u00e3o Paulo, interior e litoral do Estado.<\/p>\n<p>Apesar de a campanha de preven\u00e7\u00e3o e promo\u00e7\u00e3o de sa\u00fade incentivar os filhos a levarem os pais ao m\u00e9dico, as consultas precisam ser agendadas pelos pr\u00f3prios pacientes.<\/p>\n<p>O atendimento completo \u00e9 realizado em pelo menos dois s\u00e1bados. No primeiro, o paciente passa por uma consulta de enfermagem para avalia\u00e7\u00e3o de peso, altura e risco card\u00edaco, al\u00e9m da realiza\u00e7\u00e3o de exames laboratoriais de sangue e eletrocardiograma.<\/p>\n<p>No s\u00e1bado seguinte \u00e9 agendado o retorno para as consultas com cardiologista e urologista para an\u00e1lise dos resultados dos exames. Em caso de anormalidade, o paciente \u00e9 encaminhado para mais exames, com acompanhamento e tratamento.<\/p>\n<p>O protocolo de atendimento foi desenvolvido em parceria com a Sociedade Brasileira de Urologia e Socesp (Sociedade Brasileira de Cl\u00ednica M\u00e9dica).<\/p>\n<p>As unidades da capital e Grande S\u00e3o Paulo que fazem o atendimento do programa \u201cFilho que ama leva o pai no AME\u201d s\u00e3o: Heli\u00f3polis; Mogi das Cruzes; Tabo\u00e3o da Serra; Carapicu\u00edba; Mau\u00e1; e o CRI Norte. No interior e litoral, as unidades ficam em Jundia\u00ed; Ara\u00e7atuba; Am\u00e9rico Brasiliense; Santos; Praia Grande; Barretos; Bauru; Promiss\u00e3o; Franca; Ourinhos; Rio Claro; Presidente Prudente; S\u00e3o Jo\u00e3o da Boa Vista; Mogi Gua\u00e7u; Votuporanga; S\u00e3o Jos\u00e9 do Rio Preto; Sorocaba; Caraguatatuba; e Tup\u00e3<\/p>\n<p>Confira\u00a0\u00a0a lista de todos os AMEs do Estado de S\u00e3o Paulo. Para agendar as consultas, ligue 0800-779-0000.<\/p>\n<p>Do Portal do Governo SP<\/p>\n","protected":false},"excerpt":{"rendered":"<p>O programa \u201cFilho que ama leva o pai ao AME\u201d j\u00e1 resultou no atendimento de 67 mil pessoas em todo o Estado, al\u00e9m da realiza\u00e7\u00e3o de 188 mil consultas. A iniciativa desenvolvida pela Secretaria de Estado da Sa\u00fade come\u00e7ou em mar\u00e7o de 2014 e estimula os filhos a levarem os pais a partir de 50 [&hellip;]<\/p>\n","protected":false},"author":2,"featured_media":37376,"comment_status":"open","ping_status":"closed","sticky":false,"template":"","format":"standard","meta":{"tdm_status":"","tdm_grid_status":"","footnotes":""},"categories":[22,5],"tags":[],"class_list":{"0":"post-124996","1":"post","2":"type-post","3":"status-publish","4":"format-standard","5":"has-post-thumbnail","7":"category-brasil","8":"category-saude-e-vida"},"_links":{"self":[{"href":"https:\/\/migracao.redenoticia.com.br\/noticia\/wp-json\/wp\/v2\/posts\/124996","targetHints":{"allow":["GET"]}}],"collection":[{"href":"https:\/\/migracao.redenoticia.com.br\/noticia\/wp-json\/wp\/v2\/posts"}],"about":[{"href":"https:\/\/migracao.redenoticia.com.br\/noticia\/wp-json\/wp\/v2\/types\/post"}],"author":[{"embeddable":true,"href":"https:\/\/migracao.redenoticia.com.br\/noticia\/wp-json\/wp\/v2\/users\/2"}],"replies":[{"embeddable":true,"href":"https:\/\/migracao.redenoticia.com.br\/noticia\/wp-json\/wp\/v2\/comments?post=124996"}],"version-history":[{"count":0,"href":"https:\/\/migracao.redenoticia.com.br\/noticia\/wp-json\/wp\/v2\/posts\/124996\/revisions"}],"wp:featuredmedia":[{"embeddable":true,"href":"https:\/\/migracao.redenoticia.com.br\/noticia\/wp-json\/wp\/v2\/media\/37376"}],"wp:attachment":[{"href":"https:\/\/migracao.redenoticia.com.br\/noticia\/wp-json\/wp\/v2\/media?parent=124996"}],"wp:term":[{"taxonomy":"category","embeddable":true,"href":"https:\/\/migracao.redenoticia.com.br\/noticia\/wp-json\/wp\/v2\/categories?post=124996"},{"taxonomy":"post_tag","embeddable":true,"href":"https:\/\/migracao.redenoticia.com.br\/noticia\/wp-json\/wp\/v2\/tags?post=124996"}],"curies":[{"name":"wp","href":"https:\/\/api.w.org\/{rel}","templated":true}]}}