{"id":125,"date":"2009-04-09T01:22:00","date_gmt":"2009-04-09T04:22:00","guid":{"rendered":"http:\/\/www.redenoticia.com.br\/noticia\/?p=125"},"modified":"2009-04-09T21:41:35","modified_gmt":"2009-04-10T00:41:35","slug":"para-tera-primeiro-laboratorio-de-qualidade-do-leite-do-norte-do-pais","status":"publish","type":"post","link":"https:\/\/migracao.redenoticia.com.br\/noticia\/2009\/para-tera-primeiro-laboratorio-de-qualidade-do-leite-do-norte-do-pais\/125","title":{"rendered":"Par\u00e1 ter\u00e1 primeiro Laborat\u00f3rio de Qualidade do Leite do norte do pa\u00eds"},"content":{"rendered":"\n<p style=\"BACKGROUND: white; MARGIN: 0cm 0cm 0pt; LINE-HEIGHT: 125%\">O Par\u00e1 ter\u00e1 o primeiro laborat\u00f3rio para o desenvolvimento da cadeia produtiva de leite do norte do Brasil. O governo do Estado assinou nesta quarta-feira (8) um conv\u00eanio de coopera\u00e7\u00e3o t\u00e9cnica e financeira com a Universidade Federal Rural da Amaz\u00f4nia (Ufra) e a Embrapa Amaz\u00f4nia Oriental para a implanta\u00e7\u00e3o do Laborat\u00f3rio de Qualidade do Leite, no Parque de Ci\u00eancia e Tecnologia que est\u00e1 sendo constru\u00eddo no bairro do Guam\u00e1, em Bel\u00e9m. Um investimento de quase R$ 2 milh\u00f5es, para levar desenvolvimento, inova\u00e7\u00e3o e competitividade \u00e0 cadeia produtiva do leite em todo o Estado.<\/p>\n<p style=\"BACKGROUND: white; LINE-HEIGHT: 125%\">O conv\u00eanio foi assinado pelos secret\u00e1rios de Estado de Desenvolvimento, Ci\u00eancia e Tecnologia, Maur\u00edlio Monteiro, e de Agricultura, C\u00e1ssio Pereira; o presidente da Funda\u00e7\u00e3o de Amparo \u00e0 Pesquisa do Estado do Par\u00e1, Ubiratan Bezerra; e por Carlos Magalh\u00e3es, da Funda\u00e7\u00e3o de Apoio \u00e0 Pesquisa, Extens\u00e3o e Ensino em Ci\u00eancias Agr\u00e1rias (Funpea); Sueo Numazawa, da Ufra, e Cl\u00e1udio Carvalho, da Embrapa.<\/p>\n<p style=\"BACKGROUND: white; LINE-HEIGHT: 125%\">A iniciativa integra as diretrizes do governo do Par\u00e1 de investir no fortalecimento do Sistema Paraense de Inova\u00e7\u00e3o (SIPI). O objetivo \u00e9 reunir as necessidades de mercado e empresariais; as pol\u00edticas p\u00fablicas, como demandas na \u00e1rea de sa\u00fade, e a comunidade cient\u00edfica. Com isso, ser\u00e1 poss\u00edvel n\u00e3o apenas desenvolver novos produtos, como contribuir para a elimina\u00e7\u00e3o de gargalos tecnol\u00f3gicos ao desenvolvimento.<\/p>\n<p style=\"BACKGROUND: white; LINE-HEIGHT: 125%\"><strong>Articula\u00e7\u00e3o<\/strong> &#8211; &#8220;Este laborat\u00f3rio vai articular o que vem sendo produzido nas academias, em rela\u00e7\u00e3o \u00e0 ci\u00eancia, tecnologia e inova\u00e7\u00e3o, com quem est\u00e1 l\u00e1 na outra ponta, que \u00e9 o setor produtivo, com a ind\u00fastria e o consumidor. \u00c9 um esfor\u00e7o para construir um espa\u00e7o de media\u00e7\u00e3o regional para propiciar o desenvolvimento deste Estado&#8221;, afirmou Maur\u00edlio Monteiro.<\/p>\n<p style=\"BACKGROUND: white; LINE-HEIGHT: 125%\">O laborat\u00f3rio, al\u00e9m de an\u00e1lises t\u00e9cnicas da produ\u00e7\u00e3o leiteira, permitir\u00e1 desenvolver pesquisas, criar produtos, capacitar t\u00e9cnicos e produtores, e ainda fazer o monitoramento dos rebanhos, favorecendo a expans\u00e3o da produ\u00e7\u00e3o de derivados l\u00e1cteos artesanais e a expans\u00e3o industrial no Estado.<\/p>\n<p style=\"BACKGROUND: white; LINE-HEIGHT: 125%\">&#8220;Com o laborat\u00f3rio ser\u00e1 poss\u00edvel identificar desde aquele rebanho que est\u00e1 doente, at\u00e9 a inova\u00e7\u00e3o. Com isso, vamos fazer com que o leite que est\u00e1 sendo produzido no Estado chegue \u00e0 ind\u00fastria com qualidade&#8221;, afirmou Numazawa.<\/p>\n<p style=\"BACKGROUND: white; LINE-HEIGHT: 125%\"><strong>Certifica\u00e7\u00e3o<\/strong> &#8211; A partir do credenciamento do laborat\u00f3rio \u00e0 Rede Brasileira de Laborat\u00f3rios da Qualidade do Leite ser\u00e1 poss\u00edvel, tamb\u00e9m, emitir os laudos de certifica\u00e7\u00e3o \u00e0s unidades produtoras n\u00e3o apenas do Estado, mas de toda a Regi\u00e3o Norte. Al\u00e9m do Par\u00e1, existem apenas outros dois laborat\u00f3rios deste porte no Brasil, um no Paran\u00e1 e outro em Minas Gerais.<\/p>\n<p style=\"BACKGROUND: white; LINE-HEIGHT: 125%\">&#8220;O Par\u00e1 produz por dia 2 milh\u00f5es de litros de leite. Uma produ\u00e7\u00e3o que vem sendo incentivada pelas facilidades de acesso ao cr\u00e9dito produtivo do FNO. Aliado aos investimentos que o governo do Estado faz para estruturar o setor, este laborat\u00f3rio ser\u00e1 um passo muito importante na consolida\u00e7\u00e3o do nosso arranjo produtivo do leite&#8221;, afirmou C\u00e1ssio Pereira.<\/p>\n<p style=\"BACKGROUND: white; LINE-HEIGHT: 125%\">Ao todo, o governo do Estado vai investir quase R$ 2 milh\u00f5es na implanta\u00e7\u00e3o do laborat\u00f3rio no PCT Guam\u00e1. A Sedect ser\u00e1 respons\u00e1vel pelo financiamento das obras de infraestrutura interna, or\u00e7adas em R$ 690 mil. Mais de R$ 1,2 milh\u00e3o tamb\u00e9m ser\u00e3o repassados pela Fapespa para que a Funpea invista em pesquisa e no funcionamento do laborat\u00f3rio, que ser\u00e1 administrado de forma coordenada pela Ufra e Embrapa. Mais de R$ 4 milh\u00f5es tamb\u00e9m j\u00e1 foram assegurados pelo Governo Federal, por meio do Minist\u00e9rio da Agricultura, para aquisi\u00e7\u00e3o de equipamentos.<\/p>\n<p style=\"BACKGROUND: white; LINE-HEIGHT: 125%\">Esfor\u00e7o conjunto &#8211; &#8220;Ver este conv\u00eanio sendo assinado \u00e9 uma grande vit\u00f3ria. Estes recursos iriam para Rond\u00f4nia, mas gra\u00e7as ao esfor\u00e7o pol\u00edtico da governadora Ana J\u00falia e do Legislativo, n\u00e3o s\u00f3 eu, mas tamb\u00e9m a deputada Simone Morgado (PMDB), conseguimos trazer para o Estado estes investimentos. Para isso, foram muito importantes os recursos de contrapartida que destinamos no Plano PluriAnual (PPA) e no Or\u00e7amento para conseguir entrar na disputa&#8221;, afirmou o l\u00edder do governo na Assembleia Legislativa, A\u00edrton Faleiro.<\/p>\n<p style=\"BACKGROUND: white; LINE-HEIGHT: 125%\">Para o representante do Sindicato das Ind\u00fastrias de Latic\u00ednios do Par\u00e1 (Sindileite), Joaquim Souza, a implanta\u00e7\u00e3o de um laborat\u00f3rio deste porte \u00e9 uma grande conquista do Par\u00e1. &#8220;Isso \u00e9 para n\u00f3s, produtores, fundamental para desenvolver. Acreditamos que vamos crescer, nos tornar mais competitivos, com mais tecnologia e mais preparados para disputar o mercado&#8221;, afirmou.<\/p>\n<p style=\"BACKGROUND: white; LINE-HEIGHT: 125%\">Participaram ainda da reuni\u00e3o a deputada estadual Simone Morgado; o secret\u00e1rio-adjunto da Sedect, Jo\u00e3o Weyl, e o representante da C\u00e2mara Setorial do Leite, Eduardo Dayer.<\/p>\n<p style=\"MARGIN: auto 0.75pt auto 0cm\">Texto: Ascom\/Sedect <em>Ag\u00eancia Par\u00e1<\/em><\/p>\n","protected":false},"excerpt":{"rendered":"<p>O Par\u00e1 ter\u00e1 o primeiro laborat\u00f3rio para o desenvolvimento da cadeia produtiva de leite do norte do Brasil. O governo do Estado assinou nesta quarta-feira (8) um conv\u00eanio de coopera\u00e7\u00e3o t\u00e9cnica e financeira com a Universidade Federal Rural da Amaz\u00f4nia (Ufra) e a Embrapa Amaz\u00f4nia Oriental para a implanta\u00e7\u00e3o do Laborat\u00f3rio de Qualidade do Leite, [&hellip;]<\/p>\n","protected":false},"author":2,"featured_media":0,"comment_status":"open","ping_status":"open","sticky":false,"template":"","format":"standard","meta":{"tdm_status":"","tdm_grid_status":"","footnotes":""},"categories":[7],"tags":[],"class_list":{"0":"post-125","1":"post","2":"type-post","3":"status-publish","4":"format-standard","6":"category-economia"},"_links":{"self":[{"href":"https:\/\/migracao.redenoticia.com.br\/noticia\/wp-json\/wp\/v2\/posts\/125","targetHints":{"allow":["GET"]}}],"collection":[{"href":"https:\/\/migracao.redenoticia.com.br\/noticia\/wp-json\/wp\/v2\/posts"}],"about":[{"href":"https:\/\/migracao.redenoticia.com.br\/noticia\/wp-json\/wp\/v2\/types\/post"}],"author":[{"embeddable":true,"href":"https:\/\/migracao.redenoticia.com.br\/noticia\/wp-json\/wp\/v2\/users\/2"}],"replies":[{"embeddable":true,"href":"https:\/\/migracao.redenoticia.com.br\/noticia\/wp-json\/wp\/v2\/comments?post=125"}],"version-history":[{"count":0,"href":"https:\/\/migracao.redenoticia.com.br\/noticia\/wp-json\/wp\/v2\/posts\/125\/revisions"}],"wp:attachment":[{"href":"https:\/\/migracao.redenoticia.com.br\/noticia\/wp-json\/wp\/v2\/media?parent=125"}],"wp:term":[{"taxonomy":"category","embeddable":true,"href":"https:\/\/migracao.redenoticia.com.br\/noticia\/wp-json\/wp\/v2\/categories?post=125"},{"taxonomy":"post_tag","embeddable":true,"href":"https:\/\/migracao.redenoticia.com.br\/noticia\/wp-json\/wp\/v2\/tags?post=125"}],"curies":[{"name":"wp","href":"https:\/\/api.w.org\/{rel}","templated":true}]}}