{"id":125035,"date":"2017-11-06T15:02:17","date_gmt":"2017-11-06T17:02:17","guid":{"rendered":"https:\/\/www.redenoticia.com.br\/noticia\/?p=125035"},"modified":"2017-11-06T14:27:07","modified_gmt":"2017-11-06T16:27:07","slug":"resumo-novela-carinha-de-anjo-0711-gabriel-descobre-que-silvestre-vai-ser-operado","status":"publish","type":"post","link":"https:\/\/migracao.redenoticia.com.br\/noticia\/2017\/resumo-novela-carinha-de-anjo-0711-gabriel-descobre-que-silvestre-vai-ser-operado\/125035","title":{"rendered":"Resumo novela \u201cCarinha de Anjo\u201d 07\/11: Gabriel descobre que Silvestre vai ser operado"},"content":{"rendered":"<p><img loading=\"lazy\" decoding=\"async\" class=\"alignleft size-thumbnail wp-image-99331\" src=\"https:\/\/migracao.redenoticia.com.br\/noticia\/imagens\/carinha_de_anjo_sbt_novela_resumo_capitulo-150x112.jpg\" alt=\"carinha_de_anjo_sbt_novela_resumo_capitulo\" width=\"150\" height=\"112\" srcset=\"https:\/\/migracao.redenoticia.com.br\/noticia\/imagens\/carinha_de_anjo_sbt_novela_resumo_capitulo-150x112.jpg 150w, https:\/\/migracao.redenoticia.com.br\/noticia\/imagens\/carinha_de_anjo_sbt_novela_resumo_capitulo-265x198.jpg 265w\" sizes=\"auto, (max-width: 150px) 100vw, 150px\" \/><strong><em>Resumo novela \u201cCarinha de Anjo\u201d 07\/11<\/em><\/strong>: no cap\u00edtulo 252(*) da novela \u201cCarinha de Anjo\u201d, resumo de ter\u00e7a-feira, 07 de novembro, Gustavo lembra de Tereza e quando prometeu para ela sempre fazer aquilo que seu cora\u00e7\u00e3o mandar. Franciely conta para Rosana que Silvestre vai precisar passar por uma delicada cirurgia. A empregada diz ainda que Gustavo pediu para Dulce dormir com Rosana por ter acontecido algo que o deixou abalado. Gustavo vai at\u00e9 a casa de Vitor e pede para conversar com Estef\u00e2nia em particular, com urg\u00eancia. Gustavo diz estar arrasado e que n\u00e3o compreende o motivo de Cec\u00edlia ter terminado o romance. Estef\u00e2nia revela que F\u00e1tima disse que Ver\u00f4nica conversou com Cec\u00edlia no dia anterior e depois disso se mudou para uma pousada. Gustavo pensa que Ver\u00f4nica contou que havia se declarado para ele. Estef\u00e2nia diz que vai conversar com o Padre Gabriel para ir at\u00e9 o apartamento do irm\u00e3o conversar com ele. Cec\u00edlia vai at\u00e9 a casa de Diana para desabafar com a amiga sobre o ocorrido. Gustavo fica nervoso ao Gabriel dizer que n\u00e3o pode contar nada sobre o que Cec\u00edlia lhe disse. Cec\u00edlia diz para Diana que est\u00e1 arrasada e n\u00e3o quer voltar para casa. A professora pede para dormir l\u00e1 para poder conversar com a Madre no dia seguinte. Vitor recebe convidados em casa para o jantar que fez. O chef e Estef\u00e2nia recebem o chef Carlos Bertolazzi. O chef e apresentador de TV diz estar honrado em participar da degusta\u00e7\u00e3o do amigo. Bertolazzi acha F\u00e1tima animada e deseja boa sorte. Franciely conta para Gabriel que Silvestre est\u00e1 doente e pediu para entregar a corrente (que ele havia lhe entregue) para Dulce Maria. Padre Gabriel vai at\u00e9 o hospital aonde Silvestre passa pela cirurgia.<\/p>\n<p>(*) edi\u00e7\u00e3o do SBT, Novela \u201cCarinha de Anjo\u201d, sujeito a altera\u00e7\u00e3o de data e conte\u00fado.<\/p>\n<p>Carinha de Anjo \u00e9 uma telenovela brasileira produzida e exibida originalmente pelo SBT desde o dia 21 de novembro de 2016, substituindo o hor\u00e1rio anteriormente ocupado por C\u00famplices de um Resgate. A telenovela \u00e9 inspirada na mexicana Carita de \u00e1ngel, que, por sua vez, \u00e9 um remake de Mundo de juguete, ambas produzidas pela Televisa e que haviam sido baseadas na trama argentina escrita por Abel Santa Cruz, Pap\u00e1 coraz\u00f3n. Esta ser\u00e1 a segunda adapta\u00e7\u00e3o brasileira da obra original argentina, visto que a Rede Tupi apresentou em 1976 a sua primeira vers\u00e3o, chamada de Papai Cora\u00e7\u00e3o. A nova vers\u00e3o \u00e9 escrita por Leonor Corr\u00eaa, com supervis\u00e3o de \u00cdris Abravanel e dire\u00e7\u00e3o geral de Ricardo Mantoanelli. A trama conta com Lorena Queiroz, Bia Arantes, Carlo Porto, Priscila Sol, Dani Gondim, Karin Hils, Eliana Guttman e Lucero nos pap\u00e9is principais.<\/p>\n","protected":false},"excerpt":{"rendered":"<p>Resumo novela \u201cCarinha de Anjo\u201d 07\/11: no cap\u00edtulo 252(*) da novela \u201cCarinha de Anjo\u201d, resumo de ter\u00e7a-feira, 07 de novembro, Gustavo lembra de Tereza e quando prometeu para ela sempre fazer aquilo que seu cora\u00e7\u00e3o mandar. Franciely conta para Rosana que Silvestre vai precisar passar por uma delicada cirurgia. A empregada diz ainda que Gustavo [&hellip;]<\/p>\n","protected":false},"author":4,"featured_media":99331,"comment_status":"open","ping_status":"closed","sticky":false,"template":"","format":"standard","meta":{"tdm_status":"","tdm_grid_status":"","footnotes":""},"categories":[452,379,372,343],"tags":[441],"class_list":{"0":"post-125035","1":"post","2":"type-post","3":"status-publish","4":"format-standard","5":"has-post-thumbnail","7":"category-carinha-de-anjo","8":"category-novelas","9":"category-sbt","10":"category-televisao","11":"tag-resumo-do-dia"},"_links":{"self":[{"href":"https:\/\/migracao.redenoticia.com.br\/noticia\/wp-json\/wp\/v2\/posts\/125035","targetHints":{"allow":["GET"]}}],"collection":[{"href":"https:\/\/migracao.redenoticia.com.br\/noticia\/wp-json\/wp\/v2\/posts"}],"about":[{"href":"https:\/\/migracao.redenoticia.com.br\/noticia\/wp-json\/wp\/v2\/types\/post"}],"author":[{"embeddable":true,"href":"https:\/\/migracao.redenoticia.com.br\/noticia\/wp-json\/wp\/v2\/users\/4"}],"replies":[{"embeddable":true,"href":"https:\/\/migracao.redenoticia.com.br\/noticia\/wp-json\/wp\/v2\/comments?post=125035"}],"version-history":[{"count":0,"href":"https:\/\/migracao.redenoticia.com.br\/noticia\/wp-json\/wp\/v2\/posts\/125035\/revisions"}],"wp:featuredmedia":[{"embeddable":true,"href":"https:\/\/migracao.redenoticia.com.br\/noticia\/wp-json\/wp\/v2\/media\/99331"}],"wp:attachment":[{"href":"https:\/\/migracao.redenoticia.com.br\/noticia\/wp-json\/wp\/v2\/media?parent=125035"}],"wp:term":[{"taxonomy":"category","embeddable":true,"href":"https:\/\/migracao.redenoticia.com.br\/noticia\/wp-json\/wp\/v2\/categories?post=125035"},{"taxonomy":"post_tag","embeddable":true,"href":"https:\/\/migracao.redenoticia.com.br\/noticia\/wp-json\/wp\/v2\/tags?post=125035"}],"curies":[{"name":"wp","href":"https:\/\/api.w.org\/{rel}","templated":true}]}}