{"id":125038,"date":"2017-11-06T15:03:17","date_gmt":"2017-11-06T17:03:17","guid":{"rendered":"https:\/\/www.redenoticia.com.br\/noticia\/?p=125038"},"modified":"2017-11-06T14:28:11","modified_gmt":"2017-11-06T16:28:11","slug":"resumo-novela-chiquititas-0711-maria-conta-para-miguel-que-marian-e-ma","status":"publish","type":"post","link":"https:\/\/migracao.redenoticia.com.br\/noticia\/2017\/resumo-novela-chiquititas-0711-maria-conta-para-miguel-que-marian-e-ma\/125038","title":{"rendered":"Resumo novela \u201cChiquititas\u201d 07\/11: Maria conta para Miguel que Marian \u00e9 m\u00e1"},"content":{"rendered":"<p><img loading=\"lazy\" decoding=\"async\" class=\"alignleft size-thumbnail wp-image-49690\" src=\"https:\/\/migracao.redenoticia.com.br\/noticia\/imagens\/chiquititas1-150x112.jpg\" alt=\"chiquititas\" width=\"150\" height=\"112\" \/><strong><em>Resumo novela \u201cChiquititas\u201d 07\/11<\/em><\/strong>: no cap\u00edtulo 301(*) da novela \u201cChiquititas\u201d, resumo de ter\u00e7a-feira, 07 de novembro, Chico estranha que o Caf\u00e9 Boutique esteja enviando com frequ\u00eancia os novos CupCakes para as chiquititas. Shirley fica triste pelo sumi\u00e7o de C\u00edcero, por quem est\u00e1 apaixonada. Tobias avisa Maria Cec\u00edlia que marcou a data do casamento deles. Maria conversa com Marian e diz que a menina deve contar a verdade para Pata e assumir que passou vaselina em seu sapato. Marian diz que se depender dela as meninas continuar\u00e3o a brigar e que se Maria contar algo para algu\u00e9m, arrancar\u00e1 a cabe\u00e7a da Boneca Laura e depois jogar\u00e1 o brinquedo no lix\u00e3o da cidade. Armando avisa os funcion\u00e1rios do Caf\u00e9 Boutique da nova promo\u00e7\u00e3o do CupCake Irresist\u00edvel. Um CupCake gigante onde quem conseguir com\u00ea-lo inteiro n\u00e3o paga a conta. Armando explica ainda que Beto precisar\u00e1 usar novamente uma fantasia de CupCake. Rafa, que andou comendo o doce escondido, n\u00e3o aguenta de vontade e vai correndo ao Caf\u00e9 Boutique. Como n\u00e3o possui dinheiro suficiente, Armando sugere que o menino coma o CupCake gigante. Enquanto Rafa tenta comer, Armando filma. Shirley vai at\u00e9 o bar de C\u00edcero e os dois fazem as pazes. Rafa consegue comer todo CupCake, mas sente muita dor na barriga. No por\u00e3o do orfanato, Maria conta para Miguel que Marian \u00e9 m\u00e1 e que est\u00e1 de olho nela.<\/p>\n<p>(*) edi\u00e7\u00e3o do SBT, Novela \u201cChiquititas\u201d, sujeito a altera\u00e7\u00e3o de data e conte\u00fado.<\/p>\n<p>Chiquititas gira em torno do orfanato Raio de Luz, que carrega em sua hist\u00f3ria um grande segredo envolvendo a fam\u00edlia e o dono do orfanato, Dr. Jos\u00e9 Ricardo Almeida Campos. Em um per\u00edodo anterior \u00e0 novela, exatos treze anos, sua filha Gabriela se apaixonou e ficou gr\u00e1vida de Miguel, filho de Valentina, empregada da casa dos Almeida Campos. Pouco depois, Jos\u00e9 Ricardo sequestrou sua neta, pois, como um homem conservador, ele n\u00e3o aceitava a ideia de que sua filha se envolvesse com um empregado. Como sua neta, Milena, apelidada como Mili, precisava de um lugar para morar, ele comprou um casar\u00e3o e fundou um orfanato, o Raio de Luz. Mili cresceu l\u00e1 com outras garotas que chegaram posteriormente: Bia, Ana, as irm\u00e3s Tati e Vivi, e Cris. Ao decorrer dos anos, elas se tornam uma fam\u00edlia. Elas s\u00e3o supervisionadas por Ernestina, zeladora do orfanato, e Chico, o cozinheiro amado pelas internas. Sofia, ex-governanta da fam\u00edlia Almeida Campos, \u00e9 a diretora do lugar, at\u00e9 que Carmem, irm\u00e3 de Jos\u00e9 Ricardo, entre em seu lugar. Chegam ainda mais \u00f3rf\u00e3os: Pata, Mosca, Binho e Rafa, que viviam nas ruas antes de entrarem na institui\u00e7\u00e3o. Pata e Mili tornam-se amigas rapidamente, enquanto Mosca, Binho e Rafa s\u00e3o os primeiros garotos a entrar no abrigo. As crian\u00e7as sem-teto foram ajudadas por uma doce e bela garota que tocam e mudam a vida delas, assim como as das garotas \u00f3rf\u00e3s.<\/p>\n","protected":false},"excerpt":{"rendered":"<p>Resumo novela \u201cChiquititas\u201d 07\/11: no cap\u00edtulo 301(*) da novela \u201cChiquititas\u201d, resumo de ter\u00e7a-feira, 07 de novembro, Chico estranha que o Caf\u00e9 Boutique esteja enviando com frequ\u00eancia os novos CupCakes para as chiquititas. Shirley fica triste pelo sumi\u00e7o de C\u00edcero, por quem est\u00e1 apaixonada. Tobias avisa Maria Cec\u00edlia que marcou a data do casamento deles. Maria [&hellip;]<\/p>\n","protected":false},"author":4,"featured_media":49690,"comment_status":"open","ping_status":"closed","sticky":false,"template":"","format":"standard","meta":{"tdm_status":"","tdm_grid_status":"","footnotes":""},"categories":[409,379,372,343],"tags":[441],"class_list":{"0":"post-125038","1":"post","2":"type-post","3":"status-publish","4":"format-standard","5":"has-post-thumbnail","7":"category-chiquititas","8":"category-novelas","9":"category-sbt","10":"category-televisao","11":"tag-resumo-do-dia"},"_links":{"self":[{"href":"https:\/\/migracao.redenoticia.com.br\/noticia\/wp-json\/wp\/v2\/posts\/125038","targetHints":{"allow":["GET"]}}],"collection":[{"href":"https:\/\/migracao.redenoticia.com.br\/noticia\/wp-json\/wp\/v2\/posts"}],"about":[{"href":"https:\/\/migracao.redenoticia.com.br\/noticia\/wp-json\/wp\/v2\/types\/post"}],"author":[{"embeddable":true,"href":"https:\/\/migracao.redenoticia.com.br\/noticia\/wp-json\/wp\/v2\/users\/4"}],"replies":[{"embeddable":true,"href":"https:\/\/migracao.redenoticia.com.br\/noticia\/wp-json\/wp\/v2\/comments?post=125038"}],"version-history":[{"count":0,"href":"https:\/\/migracao.redenoticia.com.br\/noticia\/wp-json\/wp\/v2\/posts\/125038\/revisions"}],"wp:featuredmedia":[{"embeddable":true,"href":"https:\/\/migracao.redenoticia.com.br\/noticia\/wp-json\/wp\/v2\/media\/49690"}],"wp:attachment":[{"href":"https:\/\/migracao.redenoticia.com.br\/noticia\/wp-json\/wp\/v2\/media?parent=125038"}],"wp:term":[{"taxonomy":"category","embeddable":true,"href":"https:\/\/migracao.redenoticia.com.br\/noticia\/wp-json\/wp\/v2\/categories?post=125038"},{"taxonomy":"post_tag","embeddable":true,"href":"https:\/\/migracao.redenoticia.com.br\/noticia\/wp-json\/wp\/v2\/tags?post=125038"}],"curies":[{"name":"wp","href":"https:\/\/api.w.org\/{rel}","templated":true}]}}