{"id":125049,"date":"2017-11-07T00:25:23","date_gmt":"2017-11-07T02:25:23","guid":{"rendered":"https:\/\/www.redenoticia.com.br\/noticia\/?p=125049"},"modified":"2017-11-06T14:50:34","modified_gmt":"2017-11-06T16:50:34","slug":"esalq-usp-oferece-mba-on-line-em-gestao-de-negocios","status":"publish","type":"post","link":"https:\/\/migracao.redenoticia.com.br\/noticia\/2017\/esalq-usp-oferece-mba-on-line-em-gestao-de-negocios\/125049","title":{"rendered":"Esalq-USP oferece MBA on-line em gest\u00e3o de neg\u00f3cios"},"content":{"rendered":"<p> Ag\u00eancia FAPESP\u00a0\u2013 A Escola Superior de Agricultura Luiz de Queiroz (Esalq) da Universidade de S\u00e3o Paulo (USP) promover\u00e1 o <em><strong>MBA Gest\u00e3o de Neg\u00f3cios<\/strong><\/em>, com in\u00edcio no dia 9 de novembro de 2017. O objetivo \u00e9 propor que os alunos apliquem o conte\u00fado de aula em projetos profissionais que possam transformar realidades.<\/p>\n<p>O MBA tem certifica\u00e7\u00e3o USP e \u00e9 oferecido na modalidade ensino a dist\u00e2ncia, com aulas ao vivo on-line e intera\u00e7\u00e3o em tempo real com professores.<\/p>\n<p>Os alunos contar\u00e3o com rede social exclusiva, programa de entretenimento nos intervalos de aula, evento semestral para networking, acesso \u00e0 biblioteca da USP e \u00e0 plataforma digital Minha Biblioteca, com a bibliografia dos cursos e orienta\u00e7\u00e3o individualizada para desenvolvimento da monografia.<\/p>\n<p>As inscri\u00e7\u00f5es est\u00e3o abertas pelo\u00a0. Os interessados podem escolher tamb\u00e9m os cursos de Gest\u00e3o de Projetos, Marketing, Gest\u00e3o Escolar, Agroneg\u00f3cios, Varejo e Mercado de Consumo e Gest\u00e3o em Cooperativas de Cr\u00e9dito.<\/p>\n<p>O MBA tem dura\u00e7\u00e3o de 18 meses, com carga hor\u00e1ria total de 360 horas. Os interessados precisam ter forma\u00e7\u00e3o superior completa. H\u00e1 taxa de inscri\u00e7\u00e3o de R$ 100, e a mensalidade custa R$ 590.<\/p>\n<p>Mais informa\u00e7\u00f5es:\u00a0.<\/p>\n","protected":false},"excerpt":{"rendered":"<p>Ag\u00eancia FAPESP\u00a0\u2013 A Escola Superior de Agricultura Luiz de Queiroz (Esalq) da Universidade de S\u00e3o Paulo (USP) promover\u00e1 o MBA Gest\u00e3o de Neg\u00f3cios, com in\u00edcio no dia 9 de novembro de 2017. O objetivo \u00e9 propor que os alunos apliquem o conte\u00fado de aula em projetos profissionais que possam transformar realidades. O MBA tem certifica\u00e7\u00e3o [&hellip;]<\/p>\n","protected":false},"author":2,"featured_media":37419,"comment_status":"open","ping_status":"closed","sticky":false,"template":"","format":"standard","meta":{"tdm_status":"","tdm_grid_status":"","footnotes":""},"categories":[22,351,370],"tags":[],"class_list":{"0":"post-125049","1":"post","2":"type-post","3":"status-publish","4":"format-standard","5":"has-post-thumbnail","7":"category-brasil","8":"category-cursos","9":"category-inscricao"},"_links":{"self":[{"href":"https:\/\/migracao.redenoticia.com.br\/noticia\/wp-json\/wp\/v2\/posts\/125049","targetHints":{"allow":["GET"]}}],"collection":[{"href":"https:\/\/migracao.redenoticia.com.br\/noticia\/wp-json\/wp\/v2\/posts"}],"about":[{"href":"https:\/\/migracao.redenoticia.com.br\/noticia\/wp-json\/wp\/v2\/types\/post"}],"author":[{"embeddable":true,"href":"https:\/\/migracao.redenoticia.com.br\/noticia\/wp-json\/wp\/v2\/users\/2"}],"replies":[{"embeddable":true,"href":"https:\/\/migracao.redenoticia.com.br\/noticia\/wp-json\/wp\/v2\/comments?post=125049"}],"version-history":[{"count":0,"href":"https:\/\/migracao.redenoticia.com.br\/noticia\/wp-json\/wp\/v2\/posts\/125049\/revisions"}],"wp:featuredmedia":[{"embeddable":true,"href":"https:\/\/migracao.redenoticia.com.br\/noticia\/wp-json\/wp\/v2\/media\/37419"}],"wp:attachment":[{"href":"https:\/\/migracao.redenoticia.com.br\/noticia\/wp-json\/wp\/v2\/media?parent=125049"}],"wp:term":[{"taxonomy":"category","embeddable":true,"href":"https:\/\/migracao.redenoticia.com.br\/noticia\/wp-json\/wp\/v2\/categories?post=125049"},{"taxonomy":"post_tag","embeddable":true,"href":"https:\/\/migracao.redenoticia.com.br\/noticia\/wp-json\/wp\/v2\/tags?post=125049"}],"curies":[{"name":"wp","href":"https:\/\/api.w.org\/{rel}","templated":true}]}}