{"id":125051,"date":"2017-11-07T00:26:36","date_gmt":"2017-11-07T02:26:36","guid":{"rendered":"https:\/\/www.redenoticia.com.br\/noticia\/?p=125051"},"modified":"2017-11-06T14:53:28","modified_gmt":"2017-11-06T16:53:28","slug":"treinamento-tecnico-em-desenvolvimento-de-software-com-bolsa-da-fapesp-4","status":"publish","type":"post","link":"https:\/\/migracao.redenoticia.com.br\/noticia\/2017\/treinamento-tecnico-em-desenvolvimento-de-software-com-bolsa-da-fapesp-4\/125051","title":{"rendered":"Treinamento T\u00e9cnico em Desenvolvimento de Software com Bolsa da FAPESP"},"content":{"rendered":"<p> Ag\u00eancia FAPESP\u00a0\u2013 Como parte de projeto apoiado pelo Programa Pesquisa Inovativa em Pequenas Empresas (PIPE), a\u00a0\u00a0oferece uma oportunidade com Bolsa da FAPESP de <em><strong>Treinamento T\u00e9cnico<\/strong><\/em> n\u00edvel cinco (TT-5). O prazo de inscri\u00e7\u00e3o termina no dia 10 de novembro de 2017.<\/p>\n<p>O candidato selecionado atuar\u00e1 com o desenvolvimento de aplicativos para android e comunica\u00e7\u00e3o com servi\u00e7os em nuvem no projeto\u00a0.<\/p>\n<p>A oportunidade \u00e9 voltada para especialistas em tecnologia da informa\u00e7\u00e3o com pelo menos cinco anos de experi\u00eancia ap\u00f3s a gradua\u00e7\u00e3o ou t\u00edtulo de doutorado. A vaga prev\u00ea dedica\u00e7\u00e3o de 16 a 40 horas semanais (o valor da Bolsa a ser paga ser\u00e1 proporcional ao n\u00famero de horas semanais) \u00e0s atividades de apoio ao projeto de pesquisa. O valor da Bolsa TT-5 \u00e9 de R$ 7.174,40.<\/p>\n<p>Os interessados em se inscrever devem enviar e-mail para o coordenador do projeto,\u00a0Guilherme Jorge Gomes de Sousa\u00a0(guilherme.sousa@gmail.com).<\/p>\n<p>Outras informa\u00e7\u00f5es sobre a oportunidade est\u00e3o dispon\u00edveis em\u00a0.<\/p>\n<p>Mais informa\u00e7\u00f5es sobre as bolsas de treinamento t\u00e9cnico em\u00a0.<\/p>\n<p>Outras vagas de bolsas, em diversas \u00e1reas do conhecimento, est\u00e3o no site FAPESP-Oportunidades, em\u00a0.<\/p>\n","protected":false},"excerpt":{"rendered":"<p>Ag\u00eancia FAPESP\u00a0\u2013 Como parte de projeto apoiado pelo Programa Pesquisa Inovativa em Pequenas Empresas (PIPE), a\u00a0\u00a0oferece uma oportunidade com Bolsa da FAPESP de Treinamento T\u00e9cnico n\u00edvel cinco (TT-5). O prazo de inscri\u00e7\u00e3o termina no dia 10 de novembro de 2017. O candidato selecionado atuar\u00e1 com o desenvolvimento de aplicativos para android e comunica\u00e7\u00e3o com servi\u00e7os [&hellip;]<\/p>\n","protected":false},"author":2,"featured_media":57576,"comment_status":"open","ping_status":"closed","sticky":false,"template":"","format":"standard","meta":{"tdm_status":"","tdm_grid_status":"","footnotes":""},"categories":[22,351,370],"tags":[],"class_list":{"0":"post-125051","1":"post","2":"type-post","3":"status-publish","4":"format-standard","5":"has-post-thumbnail","7":"category-brasil","8":"category-cursos","9":"category-inscricao"},"_links":{"self":[{"href":"https:\/\/migracao.redenoticia.com.br\/noticia\/wp-json\/wp\/v2\/posts\/125051","targetHints":{"allow":["GET"]}}],"collection":[{"href":"https:\/\/migracao.redenoticia.com.br\/noticia\/wp-json\/wp\/v2\/posts"}],"about":[{"href":"https:\/\/migracao.redenoticia.com.br\/noticia\/wp-json\/wp\/v2\/types\/post"}],"author":[{"embeddable":true,"href":"https:\/\/migracao.redenoticia.com.br\/noticia\/wp-json\/wp\/v2\/users\/2"}],"replies":[{"embeddable":true,"href":"https:\/\/migracao.redenoticia.com.br\/noticia\/wp-json\/wp\/v2\/comments?post=125051"}],"version-history":[{"count":0,"href":"https:\/\/migracao.redenoticia.com.br\/noticia\/wp-json\/wp\/v2\/posts\/125051\/revisions"}],"wp:featuredmedia":[{"embeddable":true,"href":"https:\/\/migracao.redenoticia.com.br\/noticia\/wp-json\/wp\/v2\/media\/57576"}],"wp:attachment":[{"href":"https:\/\/migracao.redenoticia.com.br\/noticia\/wp-json\/wp\/v2\/media?parent=125051"}],"wp:term":[{"taxonomy":"category","embeddable":true,"href":"https:\/\/migracao.redenoticia.com.br\/noticia\/wp-json\/wp\/v2\/categories?post=125051"},{"taxonomy":"post_tag","embeddable":true,"href":"https:\/\/migracao.redenoticia.com.br\/noticia\/wp-json\/wp\/v2\/tags?post=125051"}],"curies":[{"name":"wp","href":"https:\/\/api.w.org\/{rel}","templated":true}]}}