{"id":125055,"date":"2017-11-07T00:28:35","date_gmt":"2017-11-07T02:28:35","guid":{"rendered":"https:\/\/www.redenoticia.com.br\/noticia\/?p=125055"},"modified":"2017-11-06T14:54:42","modified_gmt":"2017-11-06T16:54:42","slug":"novembro-azul-cartilha-da-dicas-para-prevenir-o-cancer-de-prostata","status":"publish","type":"post","link":"https:\/\/migracao.redenoticia.com.br\/noticia\/2017\/novembro-azul-cartilha-da-dicas-para-prevenir-o-cancer-de-prostata\/125055","title":{"rendered":"Novembro Azul: cartilha d\u00e1 dicas para prevenir o c\u00e2ncer de pr\u00f3stata"},"content":{"rendered":"<p> O <em><strong>c\u00e2ncer de pr\u00f3stata<\/strong><\/em> \u00e9 cur\u00e1vel e as chances aumentam quanto mais cedo for feito o diagn\u00f3stico. Essas e outras recomenda\u00e7\u00f5es est\u00e3o na cartilha produzida pelo Icesp (Instituto do C\u00e2ncer do Estado de S\u00e3o Paulo), que est\u00e1 \u00e0 disposi\u00e7\u00e3o na Internet para orientar os homens sobre os cuidados de preven\u00e7\u00e3o.<\/p>\n<p>De acordo com a institui\u00e7\u00e3o, o c\u00e2ncer de pr\u00f3stata se desenvolve principalmente com a idade e a incid\u00eancia do tumor \u00e9 mais comum em homens com mais de 50 anos. Os casos podem ser diagnosticados por exames, dos quais o principal \u00e9 o exame de toque retal, mas tamb\u00e9m por exame sobre a dosagem de PSA no sangue (Ant\u00edgeno Prost\u00e1tico Espec\u00edfico, uma enzima produzida pelo corpo).<\/p>\n<p>Saiba tudo sobre a doen\u00e7a, o seu desenvolvimento, poss\u00edveis causas, diagn\u00f3stico e tratamento. Acesse\u00a0\u00a0a cartilha. O material foi produzido pelo Instituto do C\u00e2ncer do Estado de S\u00e3o Paulo (Icesp), em parceria com a Secretaria de Estado da Sa\u00fade e Secretaria de Estado da Educa\u00e7\u00e3o.<\/p>\n<p>Do Portal do Governo SP<\/p>\n","protected":false},"excerpt":{"rendered":"<p>O c\u00e2ncer de pr\u00f3stata \u00e9 cur\u00e1vel e as chances aumentam quanto mais cedo for feito o diagn\u00f3stico. Essas e outras recomenda\u00e7\u00f5es est\u00e3o na cartilha produzida pelo Icesp (Instituto do C\u00e2ncer do Estado de S\u00e3o Paulo), que est\u00e1 \u00e0 disposi\u00e7\u00e3o na Internet para orientar os homens sobre os cuidados de preven\u00e7\u00e3o. De acordo com a institui\u00e7\u00e3o, [&hellip;]<\/p>\n","protected":false},"author":2,"featured_media":57577,"comment_status":"open","ping_status":"closed","sticky":false,"template":"","format":"standard","meta":{"tdm_status":"","tdm_grid_status":"","footnotes":""},"categories":[22,5],"tags":[],"class_list":{"0":"post-125055","1":"post","2":"type-post","3":"status-publish","4":"format-standard","5":"has-post-thumbnail","7":"category-brasil","8":"category-saude-e-vida"},"_links":{"self":[{"href":"https:\/\/migracao.redenoticia.com.br\/noticia\/wp-json\/wp\/v2\/posts\/125055","targetHints":{"allow":["GET"]}}],"collection":[{"href":"https:\/\/migracao.redenoticia.com.br\/noticia\/wp-json\/wp\/v2\/posts"}],"about":[{"href":"https:\/\/migracao.redenoticia.com.br\/noticia\/wp-json\/wp\/v2\/types\/post"}],"author":[{"embeddable":true,"href":"https:\/\/migracao.redenoticia.com.br\/noticia\/wp-json\/wp\/v2\/users\/2"}],"replies":[{"embeddable":true,"href":"https:\/\/migracao.redenoticia.com.br\/noticia\/wp-json\/wp\/v2\/comments?post=125055"}],"version-history":[{"count":0,"href":"https:\/\/migracao.redenoticia.com.br\/noticia\/wp-json\/wp\/v2\/posts\/125055\/revisions"}],"wp:featuredmedia":[{"embeddable":true,"href":"https:\/\/migracao.redenoticia.com.br\/noticia\/wp-json\/wp\/v2\/media\/57577"}],"wp:attachment":[{"href":"https:\/\/migracao.redenoticia.com.br\/noticia\/wp-json\/wp\/v2\/media?parent=125055"}],"wp:term":[{"taxonomy":"category","embeddable":true,"href":"https:\/\/migracao.redenoticia.com.br\/noticia\/wp-json\/wp\/v2\/categories?post=125055"},{"taxonomy":"post_tag","embeddable":true,"href":"https:\/\/migracao.redenoticia.com.br\/noticia\/wp-json\/wp\/v2\/tags?post=125055"}],"curies":[{"name":"wp","href":"https:\/\/api.w.org\/{rel}","templated":true}]}}