{"id":125140,"date":"2017-11-07T15:02:57","date_gmt":"2017-11-07T17:02:57","guid":{"rendered":"https:\/\/www.redenoticia.com.br\/noticia\/?p=125140"},"modified":"2017-11-07T15:47:27","modified_gmt":"2017-11-07T17:47:27","slug":"resumo-novela-carinha-de-anjo-0811-cecilia-pede-para-que-nao-a-afaste-de-dulce","status":"publish","type":"post","link":"https:\/\/migracao.redenoticia.com.br\/noticia\/2017\/resumo-novela-carinha-de-anjo-0811-cecilia-pede-para-que-nao-a-afaste-de-dulce\/125140","title":{"rendered":"Resumo novela \u201cCarinha de Anjo\u201d 08\/11: Cec\u00edlia faz um pedido para Gustavo"},"content":{"rendered":"<p><img loading=\"lazy\" decoding=\"async\" class=\"alignleft size-thumbnail wp-image-99331\" src=\"https:\/\/migracao.redenoticia.com.br\/noticia\/imagens\/carinha_de_anjo_sbt_novela_resumo_capitulo-150x112.jpg\" alt=\"carinha_de_anjo_sbt_novela_resumo_capitulo\" width=\"150\" height=\"112\" srcset=\"https:\/\/migracao.redenoticia.com.br\/noticia\/imagens\/carinha_de_anjo_sbt_novela_resumo_capitulo-150x112.jpg 150w, https:\/\/migracao.redenoticia.com.br\/noticia\/imagens\/carinha_de_anjo_sbt_novela_resumo_capitulo-265x198.jpg 265w\" sizes=\"auto, (max-width: 150px) 100vw, 150px\" \/><strong><em>Resumo novela \u201cCarinha de Anjo\u201d 08\/11<\/em><\/strong>: no cap\u00edtulo 253(*) da novela \u201cCarinha de Anjo\u201d, resumo de quarta-feira, 08 de novembro, Fabiana descobre que Cec\u00edlia foi ao col\u00e9gio e n\u00e3o conversou com ela. Fabiana \u00e9 surpreendida pela visita de Ver\u00f4nica, que pediu para conversar. F\u00e1tima n\u00e3o aceita a decis\u00e3o de Cec\u00edlia e diz que ela n\u00e3o deve entregar o amor de sua vida de bandeja e que Gustavo n\u00e3o deve ter contado nada sobre a secret\u00e1ria ter se declarado para poup\u00e1-la. Vitor leva Dulce para passear para que a pequenina n\u00e3o sinta os acontecimentos pesados. F\u00e1tima diz que Cec\u00edlia errou, pois Dulce e Gustavo v\u00e3o sofrer para poupar Ver\u00f4nica e isso n\u00e3o est\u00e1 certo. F\u00e1tima diz ainda que a irm\u00e3 precisa pensar nela mesmo e que ainda h\u00e1 tempo de corrigir as coisas. Ver\u00f4nica conta para Fabiana que mudou por estar triste e precisar pensar em algumas coisas. Gustavo e Estef\u00e2nia chegam ao hospital para esperar o resultado da cirurgia de Silvestre. Fabiana leva um susto planejado por Z\u00e9 Felipe para Diana. Padre Gabriel avisa que a cirurgia de Silvestre deu certo. Fabiana vai at\u00e9 a casa de Cec\u00edlia dizer que n\u00e3o gostou de saber que ela n\u00e3o falou com ela no col\u00e9gio antes de ir embora. Zeca e In\u00e1cio chegam em casa chorando dizendo que foram enganados, humilhados e roubados. In\u00e1cio diz para Diana que Rodrigo Antunes roubou e enganou eles. Gustavo conta para Dulce Maria que Silvestre est\u00e1 no hospital ap\u00f3s a cirurgia. F\u00e1tima tamb\u00e9m conta sobre o ocorrido para Cec\u00edlia. A novi\u00e7a diz para a irm\u00e3 que ir\u00e1 se encontrar com Gustavo para falar sobre Dulce Maria. Doutor Andr\u00e9 fica feliz ao saber que Cec\u00edlia est\u00e1 solteira. Gustavo encontra com Cec\u00edlia no parque e pergunta se ela ainda o ama. A ex-novi\u00e7a diz que se enganou e que o tempo cura tudo. Cec\u00edlia pede para que ele n\u00e3o lhe afaste de Dulce Maria.<\/p>\n<p>(*) edi\u00e7\u00e3o do SBT, Novela \u201cCarinha de Anjo\u201d, sujeito a altera\u00e7\u00e3o de data e conte\u00fado.<\/p>\n<p>Carinha de Anjo \u00e9 uma telenovela brasileira produzida e exibida originalmente pelo SBT desde o dia 21 de novembro de 2016, substituindo o hor\u00e1rio anteriormente ocupado por C\u00famplices de um Resgate. A telenovela \u00e9 inspirada na mexicana Carita de \u00e1ngel, que, por sua vez, \u00e9 um remake de Mundo de juguete, ambas produzidas pela Televisa e que haviam sido baseadas na trama argentina escrita por Abel Santa Cruz, Pap\u00e1 coraz\u00f3n. Esta ser\u00e1 a segunda adapta\u00e7\u00e3o brasileira da obra original argentina, visto que a Rede Tupi apresentou em 1976 a sua primeira vers\u00e3o, chamada de Papai Cora\u00e7\u00e3o. A nova vers\u00e3o \u00e9 escrita por Leonor Corr\u00eaa, com supervis\u00e3o de \u00cdris Abravanel e dire\u00e7\u00e3o geral de Ricardo Mantoanelli. A trama conta com Lorena Queiroz, Bia Arantes, Carlo Porto, Priscila Sol, Dani Gondim, Karin Hils, Eliana Guttman e Lucero nos pap\u00e9is principais.<\/p>\n","protected":false},"excerpt":{"rendered":"<p>Resumo novela \u201cCarinha de Anjo\u201d 08\/11: no cap\u00edtulo 253(*) da novela \u201cCarinha de Anjo\u201d, resumo de quarta-feira, 08 de novembro, Fabiana descobre que Cec\u00edlia foi ao col\u00e9gio e n\u00e3o conversou com ela. Fabiana \u00e9 surpreendida pela visita de Ver\u00f4nica, que pediu para conversar. F\u00e1tima n\u00e3o aceita a decis\u00e3o de Cec\u00edlia e diz que ela n\u00e3o [&hellip;]<\/p>\n","protected":false},"author":4,"featured_media":99331,"comment_status":"open","ping_status":"closed","sticky":false,"template":"","format":"standard","meta":{"tdm_status":"","tdm_grid_status":"","footnotes":""},"categories":[452,379,372,343],"tags":[441],"class_list":{"0":"post-125140","1":"post","2":"type-post","3":"status-publish","4":"format-standard","5":"has-post-thumbnail","7":"category-carinha-de-anjo","8":"category-novelas","9":"category-sbt","10":"category-televisao","11":"tag-resumo-do-dia"},"_links":{"self":[{"href":"https:\/\/migracao.redenoticia.com.br\/noticia\/wp-json\/wp\/v2\/posts\/125140","targetHints":{"allow":["GET"]}}],"collection":[{"href":"https:\/\/migracao.redenoticia.com.br\/noticia\/wp-json\/wp\/v2\/posts"}],"about":[{"href":"https:\/\/migracao.redenoticia.com.br\/noticia\/wp-json\/wp\/v2\/types\/post"}],"author":[{"embeddable":true,"href":"https:\/\/migracao.redenoticia.com.br\/noticia\/wp-json\/wp\/v2\/users\/4"}],"replies":[{"embeddable":true,"href":"https:\/\/migracao.redenoticia.com.br\/noticia\/wp-json\/wp\/v2\/comments?post=125140"}],"version-history":[{"count":0,"href":"https:\/\/migracao.redenoticia.com.br\/noticia\/wp-json\/wp\/v2\/posts\/125140\/revisions"}],"wp:featuredmedia":[{"embeddable":true,"href":"https:\/\/migracao.redenoticia.com.br\/noticia\/wp-json\/wp\/v2\/media\/99331"}],"wp:attachment":[{"href":"https:\/\/migracao.redenoticia.com.br\/noticia\/wp-json\/wp\/v2\/media?parent=125140"}],"wp:term":[{"taxonomy":"category","embeddable":true,"href":"https:\/\/migracao.redenoticia.com.br\/noticia\/wp-json\/wp\/v2\/categories?post=125140"},{"taxonomy":"post_tag","embeddable":true,"href":"https:\/\/migracao.redenoticia.com.br\/noticia\/wp-json\/wp\/v2\/tags?post=125140"}],"curies":[{"name":"wp","href":"https:\/\/api.w.org\/{rel}","templated":true}]}}