{"id":125142,"date":"2017-11-07T15:03:07","date_gmt":"2017-11-07T17:03:07","guid":{"rendered":"https:\/\/www.redenoticia.com.br\/noticia\/?p=125142"},"modified":"2017-11-07T14:48:38","modified_gmt":"2017-11-07T16:48:38","slug":"resumo-novela-chiquititas-0811-junior-demite-armando","status":"publish","type":"post","link":"https:\/\/migracao.redenoticia.com.br\/noticia\/2017\/resumo-novela-chiquititas-0811-junior-demite-armando\/125142","title":{"rendered":"Resumo novela \u201cChiquititas\u201d 08\/11: Junior demite Armando"},"content":{"rendered":"<p><img loading=\"lazy\" decoding=\"async\" class=\"alignleft size-thumbnail wp-image-49690\" src=\"https:\/\/migracao.redenoticia.com.br\/noticia\/imagens\/chiquititas1-150x112.jpg\" alt=\"chiquititas\" width=\"150\" height=\"112\" \/><strong><em>Resumo novela \u201cChiquititas\u201d 08\/11<\/em><\/strong>: no cap\u00edtulo 302(*) da novela \u201cChiquititas\u201d, resumo de quarta-feira, 08 de novembro, Carol fala com Junior sobre os CupCakes enviados para as chiquititas. Junior diz para Armando que a pr\u00f3xima vez que ele tomar uma decis\u00e3o sem consult\u00e1-lo ser\u00e1 mandado embora. Samuca faz um invento novo para deixar Vivi mais feliz. Ele est\u00e1 oficialmente apaixonado pela chiquitita, mas n\u00e3o sabe como dizer isso. Maria Cec\u00edlia vai at\u00e9 a casa de Shirley e entrega a ela e para Eduarda o convite de seu casamento. Todos do orfanato veem na internet o v\u00eddeo de Rafa comendo o CupCake gigante. O garoto fica triste por n\u00e3o saber que estava sendo filmado. Cris conta para Vivi que Samuca est\u00e1 apaixonado por ela. Vivi diz para a amiga que n\u00e3o havia percebido, fica preocupada e n\u00e3o sabe como agir, pois gosta de Samuca apenas como amigo. Carol leva Rafa at\u00e9 um endocrinologista para que ele possa emagrecer de maneira saud\u00e1vel. Junior descobre o v\u00eddeo viral com Rafa comendo CupCake na internet e demite Armando. Passagem de tempo na trama, com alguns dias. A m\u00e9dica nutr\u00f3loga Liliane Oppermann (colaboradora do programa Eliana faz participa\u00e7\u00e3o especial em Chiquititas) diz que os exames de Rafa apontam que ele est\u00e1 com v\u00e1rios \u00edndices irregulares e que a partir de agora vai ter uma alimenta\u00e7\u00e3o saud\u00e1vel aliada a exerc\u00edcios f\u00edsicos. Armando encontra Cintia e diz que est\u00e1 demitido por conta dela. Carmen se junta aos dois e diz para Armando que juntos s\u00e3o mais fortes para encontrar o tesouro.<\/p>\n<p>(*) edi\u00e7\u00e3o do SBT, Novela \u201cChiquititas\u201d, sujeito a altera\u00e7\u00e3o de data e conte\u00fado.<\/p>\n<p>Chiquititas gira em torno do orfanato Raio de Luz, que carrega em sua hist\u00f3ria um grande segredo envolvendo a fam\u00edlia e o dono do orfanato, Dr. Jos\u00e9 Ricardo Almeida Campos. Em um per\u00edodo anterior \u00e0 novela, exatos treze anos, sua filha Gabriela se apaixonou e ficou gr\u00e1vida de Miguel, filho de Valentina, empregada da casa dos Almeida Campos. Pouco depois, Jos\u00e9 Ricardo sequestrou sua neta, pois, como um homem conservador, ele n\u00e3o aceitava a ideia de que sua filha se envolvesse com um empregado. Como sua neta, Milena, apelidada como Mili, precisava de um lugar para morar, ele comprou um casar\u00e3o e fundou um orfanato, o Raio de Luz. Mili cresceu l\u00e1 com outras garotas que chegaram posteriormente: Bia, Ana, as irm\u00e3s Tati e Vivi, e Cris. Ao decorrer dos anos, elas se tornam uma fam\u00edlia. Elas s\u00e3o supervisionadas por Ernestina, zeladora do orfanato, e Chico, o cozinheiro amado pelas internas. Sofia, ex-governanta da fam\u00edlia Almeida Campos, \u00e9 a diretora do lugar, at\u00e9 que Carmem, irm\u00e3 de Jos\u00e9 Ricardo, entre em seu lugar. Chegam ainda mais \u00f3rf\u00e3os: Pata, Mosca, Binho e Rafa, que viviam nas ruas antes de entrarem na institui\u00e7\u00e3o. Pata e Mili tornam-se amigas rapidamente, enquanto Mosca, Binho e Rafa s\u00e3o os primeiros garotos a entrar no abrigo. As crian\u00e7as sem-teto foram ajudadas por uma doce e bela garota que tocam e mudam a vida delas, assim como as das garotas \u00f3rf\u00e3s.<\/p>\n","protected":false},"excerpt":{"rendered":"<p>Resumo novela \u201cChiquititas\u201d 08\/11: no cap\u00edtulo 302(*) da novela \u201cChiquititas\u201d, resumo de quarta-feira, 08 de novembro, Carol fala com Junior sobre os CupCakes enviados para as chiquititas. Junior diz para Armando que a pr\u00f3xima vez que ele tomar uma decis\u00e3o sem consult\u00e1-lo ser\u00e1 mandado embora. Samuca faz um invento novo para deixar Vivi mais feliz. [&hellip;]<\/p>\n","protected":false},"author":4,"featured_media":49690,"comment_status":"open","ping_status":"closed","sticky":false,"template":"","format":"standard","meta":{"tdm_status":"","tdm_grid_status":"","footnotes":""},"categories":[409,379,372,343],"tags":[441],"class_list":{"0":"post-125142","1":"post","2":"type-post","3":"status-publish","4":"format-standard","5":"has-post-thumbnail","7":"category-chiquititas","8":"category-novelas","9":"category-sbt","10":"category-televisao","11":"tag-resumo-do-dia"},"_links":{"self":[{"href":"https:\/\/migracao.redenoticia.com.br\/noticia\/wp-json\/wp\/v2\/posts\/125142","targetHints":{"allow":["GET"]}}],"collection":[{"href":"https:\/\/migracao.redenoticia.com.br\/noticia\/wp-json\/wp\/v2\/posts"}],"about":[{"href":"https:\/\/migracao.redenoticia.com.br\/noticia\/wp-json\/wp\/v2\/types\/post"}],"author":[{"embeddable":true,"href":"https:\/\/migracao.redenoticia.com.br\/noticia\/wp-json\/wp\/v2\/users\/4"}],"replies":[{"embeddable":true,"href":"https:\/\/migracao.redenoticia.com.br\/noticia\/wp-json\/wp\/v2\/comments?post=125142"}],"version-history":[{"count":0,"href":"https:\/\/migracao.redenoticia.com.br\/noticia\/wp-json\/wp\/v2\/posts\/125142\/revisions"}],"wp:featuredmedia":[{"embeddable":true,"href":"https:\/\/migracao.redenoticia.com.br\/noticia\/wp-json\/wp\/v2\/media\/49690"}],"wp:attachment":[{"href":"https:\/\/migracao.redenoticia.com.br\/noticia\/wp-json\/wp\/v2\/media?parent=125142"}],"wp:term":[{"taxonomy":"category","embeddable":true,"href":"https:\/\/migracao.redenoticia.com.br\/noticia\/wp-json\/wp\/v2\/categories?post=125142"},{"taxonomy":"post_tag","embeddable":true,"href":"https:\/\/migracao.redenoticia.com.br\/noticia\/wp-json\/wp\/v2\/tags?post=125142"}],"curies":[{"name":"wp","href":"https:\/\/api.w.org\/{rel}","templated":true}]}}