{"id":125192,"date":"2017-11-08T00:26:26","date_gmt":"2017-11-08T02:26:26","guid":{"rendered":"https:\/\/www.redenoticia.com.br\/noticia\/?p=125192"},"modified":"2017-11-07T19:27:37","modified_gmt":"2017-11-07T21:27:37","slug":"unifesp-abre-20-vagas-de-mestrado-em-alimentos-nutricao-e-saude","status":"publish","type":"post","link":"https:\/\/migracao.redenoticia.com.br\/noticia\/2017\/unifesp-abre-20-vagas-de-mestrado-em-alimentos-nutricao-e-saude\/125192","title":{"rendered":"Unifesp abre 20 vagas de mestrado em Alimentos, Nutri\u00e7\u00e3o e Sa\u00fade"},"content":{"rendered":"<p> Ag\u00eancia FAPESP\u00a0\u2013 O Programa de <strong><em>P\u00f3s-Gradua\u00e7\u00e3o Alimentos, Nutri\u00e7\u00e3o e Sa\u00fade<\/em><\/strong> da Universidade Federal de S\u00e3o Paulo (Unifesp) est\u00e1 com inscri\u00e7\u00f5es abertas at\u00e9 o dia 10 de novembro de 2017 para o seu curso de mestrado. Para o processo seletivo de 2018, foram abertas 20 vagas.<\/p>\n<p>O objetivo do programa \u00e9 formar profissionais capazes de atuar de forma interdisciplinar na \u00e1rea de Alimentos, Alimenta\u00e7\u00e3o e Nutri\u00e7\u00e3o, tendo como foco principal, a sa\u00fade dos indiv\u00edduos ou grupos populacionais, contribuindo para o desenvolvimento de estrat\u00e9gias e pol\u00edticas de nutri\u00e7\u00e3o e sa\u00fade p\u00fablica.<\/p>\n<p>O curso \u00e9 destinado a profissionais graduados (n\u00edvel superior) em Nutri\u00e7\u00e3o e demais profissionais das \u00e1reas da Sa\u00fade, Humanas, Biol\u00f3gicas e Exatas, com interesse em temas relacionados a Alimentos, Nutri\u00e7\u00e3o e Sa\u00fade.<\/p>\n<p>O processo seletivo compreender\u00e1 tr\u00eas fases, de car\u00e1ter classificat\u00f3rio. A primeira fase constar\u00e1 de prova de conhecimentos sobre temas de destaque no cen\u00e1rio da Nutri\u00e7\u00e3o nacional e internacional. A prova ser\u00e1 realizada no dia 27 de novembro nas depend\u00eancias da unidade central da Unifesp, situada \u00e0 rua Silva Jardim, 136, Santos, SP, com in\u00edcio \u00e0s 14 horas e t\u00e9rmino \u00e0s 17 horas.<\/p>\n<p>Na segunda fase, o curr\u00edculo Lattes dos candidatos ser\u00e1 avaliado com \u00eanfase em atividades acad\u00eamicas, profissionais e cient\u00edficas. Esta etapa ser\u00e1 realizada pelos docentes orientadores do programa no mesmo per\u00edodo da terceira etapa da sele\u00e7\u00e3o, que consistir\u00e1 de entrevista.<\/p>\n<p>Ser\u00e1 avaliado o pr\u00e9-projeto de pesquisa apresentado pelo candidato no ato da inscri\u00e7\u00e3o, al\u00e9m dos seus objetivos acad\u00eamicos com vistas ao ingresso no Programa de P\u00f3s-Gradua\u00e7\u00e3o. As entrevistas ser\u00e3o conduzidas, no m\u00ednimo, por tr\u00eas docentes orientadores do programa e ocorrer\u00e3o no per\u00edodo de 4 a 8 de dezembro. O cronograma das entrevistas ser\u00e1 divulgado no dia 1\u00ba de dezembro.<\/p>\n<p>Os resultados finais do processo de sele\u00e7\u00e3o ser\u00e3o divulgados no dia 15 de dezembro no\u00a0. As inscri\u00e7\u00f5es dever\u00e3o ser efetuadas por meio de\u00a0.<\/p>\n<p>Mais informa\u00e7\u00f5es sobre o processo seletivo dispon\u00edveis no edital em:.<\/p>\n","protected":false},"excerpt":{"rendered":"<p>Ag\u00eancia FAPESP\u00a0\u2013 O Programa de P\u00f3s-Gradua\u00e7\u00e3o Alimentos, Nutri\u00e7\u00e3o e Sa\u00fade da Universidade Federal de S\u00e3o Paulo (Unifesp) est\u00e1 com inscri\u00e7\u00f5es abertas at\u00e9 o dia 10 de novembro de 2017 para o seu curso de mestrado. Para o processo seletivo de 2018, foram abertas 20 vagas. O objetivo do programa \u00e9 formar profissionais capazes de atuar [&hellip;]<\/p>\n","protected":false},"author":2,"featured_media":21255,"comment_status":"open","ping_status":"closed","sticky":false,"template":"","format":"standard","meta":{"tdm_status":"","tdm_grid_status":"","footnotes":""},"categories":[22,351,370],"tags":[],"class_list":{"0":"post-125192","1":"post","2":"type-post","3":"status-publish","4":"format-standard","5":"has-post-thumbnail","7":"category-brasil","8":"category-cursos","9":"category-inscricao"},"_links":{"self":[{"href":"https:\/\/migracao.redenoticia.com.br\/noticia\/wp-json\/wp\/v2\/posts\/125192","targetHints":{"allow":["GET"]}}],"collection":[{"href":"https:\/\/migracao.redenoticia.com.br\/noticia\/wp-json\/wp\/v2\/posts"}],"about":[{"href":"https:\/\/migracao.redenoticia.com.br\/noticia\/wp-json\/wp\/v2\/types\/post"}],"author":[{"embeddable":true,"href":"https:\/\/migracao.redenoticia.com.br\/noticia\/wp-json\/wp\/v2\/users\/2"}],"replies":[{"embeddable":true,"href":"https:\/\/migracao.redenoticia.com.br\/noticia\/wp-json\/wp\/v2\/comments?post=125192"}],"version-history":[{"count":0,"href":"https:\/\/migracao.redenoticia.com.br\/noticia\/wp-json\/wp\/v2\/posts\/125192\/revisions"}],"wp:featuredmedia":[{"embeddable":true,"href":"https:\/\/migracao.redenoticia.com.br\/noticia\/wp-json\/wp\/v2\/media\/21255"}],"wp:attachment":[{"href":"https:\/\/migracao.redenoticia.com.br\/noticia\/wp-json\/wp\/v2\/media?parent=125192"}],"wp:term":[{"taxonomy":"category","embeddable":true,"href":"https:\/\/migracao.redenoticia.com.br\/noticia\/wp-json\/wp\/v2\/categories?post=125192"},{"taxonomy":"post_tag","embeddable":true,"href":"https:\/\/migracao.redenoticia.com.br\/noticia\/wp-json\/wp\/v2\/tags?post=125192"}],"curies":[{"name":"wp","href":"https:\/\/api.w.org\/{rel}","templated":true}]}}