{"id":125308,"date":"2017-11-09T00:08:23","date_gmt":"2017-11-09T02:08:23","guid":{"rendered":"https:\/\/www.redenoticia.com.br\/noticia\/?p=125308"},"modified":"2017-11-08T16:28:41","modified_gmt":"2017-11-08T18:28:41","slug":"sao-paulo-tem-dez-casos-suspeitos-de-febre-amarela-apos-morte-de-macacos","status":"publish","type":"post","link":"https:\/\/migracao.redenoticia.com.br\/noticia\/2017\/sao-paulo-tem-dez-casos-suspeitos-de-febre-amarela-apos-morte-de-macacos\/125308","title":{"rendered":"S\u00e3o Paulo tem dez casos suspeitos de febre amarela ap\u00f3s morte de macacos"},"content":{"rendered":"<p> Desde o \u00faltimo dia 21 de outubro, quando teve in\u00edcio a campanha de preven\u00e7\u00e3o contra a febre amarela na zona norte da cidade de S\u00e3o Paulo, 14 pessoas apresentaram os sintomas caracter\u00edsticos da doen\u00e7a que incluem febre, dor no corpo e ,em alguns casos, diarreia. No entanto, do total de casos suspeitos, quatro j\u00e1 foram descartados e dez est\u00e3o sob investiga\u00e7\u00e3o.<\/p>\n<p>Em entrevista \u00e0 Ag\u00eancia Brasil, a coordenadora do N\u00facleo de Doen\u00e7as Transmiss\u00edveis por Vetores e Outras Zoonoses, Vivian Ailt, esclareceu que apenas uma dessas pessoas em observa\u00e7\u00e3o est\u00e1 internada e trata-se um paciente vindo da \u00c1frica, que j\u00e1 teria chegado ao pa\u00eds com os sintomas.<\/p>\n<p>Ela explicou que, no momento, s\u00e3o aguardados os resultado dos testes laboratoriais. O diagn\u00f3stico \u00e9 feito por meio da coleta de sangue e o material \u00e9 encaminhado para o Instituto Adolfo Lutz. Para certificar a presen\u00e7a do v\u00edrus s\u00e3o realizados exames moleculares e sorologia. O prazo para an\u00e1lise \u00e9 de dez dias.<\/p>\n<p>Macacos<\/p>\n<p>Apesar de ter sido intensificada a vacina\u00e7\u00e3o na zona norte, ap\u00f3s a morte de tr\u00eas macacos com a presen\u00e7a do v\u00edrus confirmada &#8211; um no Horto Florestal e dois no Parque Anhaguera-, n\u00e3o houve nenhum caso de transmiss\u00e3o em toda a cidade neste ano, segundo Ailt. Ela afirmou que as 12 notifica\u00e7\u00f5es, registradas no come\u00e7o deste ano, eram todas de pessoas que adquiriram o v\u00edrus fora da cidade (11 em Minas Gerais e um em Monte Alegre do Sul, no interior paulista).<\/p>\n<p> \u201cQuem reside em \u00e1reas pr\u00f3ximas do local de risco, na regi\u00e3o da Cantareira [Serra onde existe ainda densa vegeta\u00e7\u00e3o de remanescentes de Mata Atl\u00e2ntica] deve procurar os postos para tomar a vacina\u201d, recomenda a m\u00e9dica. Ela explicou que, se alguma vez na vida a pessoa j\u00e1 recebeu a vacina, n\u00e3o precisa de um refor\u00e7o, de acordo com conven\u00e7\u00e3o da Organiza\u00e7\u00e3o Mundial da Sa\u00fade (OMS).<\/p>\n<p>Campanha ampliada <\/p>\n<p>A Secretaria Municipal de Sa\u00fade (SMS) informou que estar\u00e1 ampliando, gradativamente, o n\u00famero de Unidades B\u00e1sicas de Sa\u00fade (UBS), onde a popula\u00e7\u00e3o poder\u00e1 se vacinar contra a doen\u00e7a.<\/p>\n<p>Mais seis postos entraram na campanha, elevando para 43 o total de endere\u00e7os dispon\u00edveis na regi\u00e3o: UBS Vila Barbosa, UBS Vila Terezinha, UBS Jardim Icara\u00ed, UBS Jardim Ladeira Rosa, UBS Vila Penteado e UBS Parque Edu Chaves. Nos pr\u00f3ximos dias, o atendimento dever\u00e1 ser estendido para 56 unidades.<\/p>\n<p>A maioria dos postos funciona em hor\u00e1rio estendido, das 7h \u00e0s 19h, mas algumas UBSs j\u00e1 retornaram ao hor\u00e1rio normal (das 7h \u00e0s 17h ou das 7h \u00e0s 18h). At\u00e9 ter\u00e7a-feira (7), 720.338 pessoas tinham sido imunizadas.<\/p>\n<p>A SMS tamb\u00e9m informou que mobilizou 800 agentes p\u00fablicos no combate ao mosquito Aedes aegypti na zona norte. Est\u00e3o sendo visitados im\u00f3veis em um eixo de 300 metros da borda da mata da Serra da Cantareira. O objetivo \u00e9 evitar a urbaniza\u00e7\u00e3o da doen\u00e7a, o que n\u00e3o ocorre desde 1942. A febre amarela detectada nos tr\u00eas macacos mortos refere-se \u00e0 transmiss\u00e3o por meio da picada dos mosquitos Haemagogus e Sabethes, que normalmente vivem em matas e vegeta\u00e7\u00f5es \u00e0 beira dos rios.<\/p>\n<p>O secret\u00e1rio municipal de sa\u00fade, Wilson Pollara, pediu apoio da popula\u00e7\u00e3o para ajudar na elimina\u00e7\u00e3o dos vetores. \u201cEstamos trabalhando em diversas frentes para evitar os casos aut\u00f3ctones (quando a doen\u00e7a \u00e9 adquirida dentro do munic\u00edpio). Para isso, al\u00e9m da vacina\u00e7\u00e3o, \u00e9 fundamental combater o vetor com a\u00e7\u00f5es nos criadouros\u201d. Ele recomenda que a popula\u00e7\u00e3o deve se manter em alerta evitando o ac\u00famulo de \u00e1gua parada e de ambientes que possam favorecer o desenvolvimento das larvas desses insetos que al\u00e9m da febre amarela, transmitem a dengue, zika e febre chikungunya.<\/p>\n<p>Marli Moreira &#8211; Rep\u00f3rter da Ag\u00eancia Brasil<br \/>\nEdi\u00e7\u00e3o: Amanda Cieglinski<br \/>\n09\/11\/2017<\/p>\n","protected":false},"excerpt":{"rendered":"<p>Desde o \u00faltimo dia 21 de outubro, quando teve in\u00edcio a campanha de preven\u00e7\u00e3o contra a febre amarela na zona norte da cidade de S\u00e3o Paulo, 14 pessoas apresentaram os sintomas caracter\u00edsticos da doen\u00e7a que incluem febre, dor no corpo e ,em alguns casos, diarreia. No entanto, do total de casos suspeitos, quatro j\u00e1 foram [&hellip;]<\/p>\n","protected":false},"author":2,"featured_media":40847,"comment_status":"open","ping_status":"closed","sticky":false,"template":"","format":"standard","meta":{"tdm_status":"","tdm_grid_status":"","footnotes":""},"categories":[22,5],"tags":[],"class_list":{"0":"post-125308","1":"post","2":"type-post","3":"status-publish","4":"format-standard","5":"has-post-thumbnail","7":"category-brasil","8":"category-saude-e-vida"},"_links":{"self":[{"href":"https:\/\/migracao.redenoticia.com.br\/noticia\/wp-json\/wp\/v2\/posts\/125308","targetHints":{"allow":["GET"]}}],"collection":[{"href":"https:\/\/migracao.redenoticia.com.br\/noticia\/wp-json\/wp\/v2\/posts"}],"about":[{"href":"https:\/\/migracao.redenoticia.com.br\/noticia\/wp-json\/wp\/v2\/types\/post"}],"author":[{"embeddable":true,"href":"https:\/\/migracao.redenoticia.com.br\/noticia\/wp-json\/wp\/v2\/users\/2"}],"replies":[{"embeddable":true,"href":"https:\/\/migracao.redenoticia.com.br\/noticia\/wp-json\/wp\/v2\/comments?post=125308"}],"version-history":[{"count":0,"href":"https:\/\/migracao.redenoticia.com.br\/noticia\/wp-json\/wp\/v2\/posts\/125308\/revisions"}],"wp:featuredmedia":[{"embeddable":true,"href":"https:\/\/migracao.redenoticia.com.br\/noticia\/wp-json\/wp\/v2\/media\/40847"}],"wp:attachment":[{"href":"https:\/\/migracao.redenoticia.com.br\/noticia\/wp-json\/wp\/v2\/media?parent=125308"}],"wp:term":[{"taxonomy":"category","embeddable":true,"href":"https:\/\/migracao.redenoticia.com.br\/noticia\/wp-json\/wp\/v2\/categories?post=125308"},{"taxonomy":"post_tag","embeddable":true,"href":"https:\/\/migracao.redenoticia.com.br\/noticia\/wp-json\/wp\/v2\/tags?post=125308"}],"curies":[{"name":"wp","href":"https:\/\/api.w.org\/{rel}","templated":true}]}}