{"id":125384,"date":"2017-11-10T00:27:37","date_gmt":"2017-11-10T02:27:37","guid":{"rendered":"https:\/\/www.redenoticia.com.br\/noticia\/?p=125384"},"modified":"2017-11-09T21:25:40","modified_gmt":"2017-11-09T23:25:40","slug":"pos-doutorado-em-nefrologia-experimental-com-bolsa-da-fapesp-2","status":"publish","type":"post","link":"https:\/\/migracao.redenoticia.com.br\/noticia\/2017\/pos-doutorado-em-nefrologia-experimental-com-bolsa-da-fapesp-2\/125384","title":{"rendered":"P\u00f3s-doutorado em Nefrologia Experimental com Bolsa da FAPESP"},"content":{"rendered":"<p> Ag\u00eancia FAPESP\u00a0\u2013 A Escola Paulista de Medicina da Universidade Federal de S\u00e3o Paulo (EPM-Unifesp) disp\u00f5e de uma <strong><em>vaga de p\u00f3s-doutorado<\/em><\/strong> para o Projeto Tem\u00e1tico \u201c\u201d. O prazo de inscri\u00e7\u00e3o termina em 16 de novembro de 2017.<\/p>\n<p>Coordenado pela professora\u00a0, o projeto tem como objetivo central avaliar diferentes pap\u00e9is de microRNAs e de ves\u00edculas extracelulares, derivadas ou n\u00e3o de c\u00e9lulas-tronco, em mecanismos fisiol\u00f3gicos, fisiopatol\u00f3gicos e regenerativos do rim. O aluno deve ter conhecimento em modelos experimentais em nefrologia, extra\u00e7\u00e3o de ves\u00edculas extracelulares e cultivo de c\u00e9lulas-tronco, bem como experi\u00eancia em biologia molecular.<\/p>\n<p>Interessados na oportunidade devem entrar em contato com a equipe da disciplina de Nefrologia pelo e-mail\u00a0nefrologia@nefro.epm.br.<\/p>\n<p>Mais informa\u00e7\u00f5es sobre a vaga est\u00e3o dispon\u00edveis em\u00a0.<\/p>\n<p>A oportunidade est\u00e1 aberta a brasileiros e estrangeiros. O selecionado receber\u00e1 Bolsa de P\u00f3s-Doutorado da FAPESP no valor de R$ 7.174,80 mensais e Reserva T\u00e9cnica. A Reserva T\u00e9cnica de Bolsa de PD equivale a 15% do valor anual da bolsa e tem o objetivo de atender a despesas imprevistas e diretamente relacionadas \u00e0 atividade de pesquisa.<\/p>\n<p>Caso o bolsista resida em domic\u00edlio diferente e precise se mudar para a cidade onde se localiza a institui\u00e7\u00e3o-sede da pesquisa, poder\u00e1 ter direito a um Aux\u00edlio-Instala\u00e7\u00e3o. Mais informa\u00e7\u00f5es sobre a Bolsa de P\u00f3s-Doutorado da FAPESP est\u00e3o dispon\u00edveis em\u00a0.<\/p>\n<p>Outras vagas de bolsas, em diversas \u00e1reas do conhecimento, est\u00e3o no site FAPESP-Oportunidades, em\u00a0.<\/p>\n","protected":false},"excerpt":{"rendered":"<p>Ag\u00eancia FAPESP\u00a0\u2013 A Escola Paulista de Medicina da Universidade Federal de S\u00e3o Paulo (EPM-Unifesp) disp\u00f5e de uma vaga de p\u00f3s-doutorado para o Projeto Tem\u00e1tico \u201c\u201d. O prazo de inscri\u00e7\u00e3o termina em 16 de novembro de 2017. Coordenado pela professora\u00a0, o projeto tem como objetivo central avaliar diferentes pap\u00e9is de microRNAs e de ves\u00edculas extracelulares, derivadas [&hellip;]<\/p>\n","protected":false},"author":2,"featured_media":57579,"comment_status":"open","ping_status":"closed","sticky":false,"template":"","format":"standard","meta":{"tdm_status":"","tdm_grid_status":"","footnotes":""},"categories":[22,370,353],"tags":[],"class_list":{"0":"post-125384","1":"post","2":"type-post","3":"status-publish","4":"format-standard","5":"has-post-thumbnail","7":"category-brasil","8":"category-inscricao","9":"category-oportunidades"},"_links":{"self":[{"href":"https:\/\/migracao.redenoticia.com.br\/noticia\/wp-json\/wp\/v2\/posts\/125384","targetHints":{"allow":["GET"]}}],"collection":[{"href":"https:\/\/migracao.redenoticia.com.br\/noticia\/wp-json\/wp\/v2\/posts"}],"about":[{"href":"https:\/\/migracao.redenoticia.com.br\/noticia\/wp-json\/wp\/v2\/types\/post"}],"author":[{"embeddable":true,"href":"https:\/\/migracao.redenoticia.com.br\/noticia\/wp-json\/wp\/v2\/users\/2"}],"replies":[{"embeddable":true,"href":"https:\/\/migracao.redenoticia.com.br\/noticia\/wp-json\/wp\/v2\/comments?post=125384"}],"version-history":[{"count":0,"href":"https:\/\/migracao.redenoticia.com.br\/noticia\/wp-json\/wp\/v2\/posts\/125384\/revisions"}],"wp:featuredmedia":[{"embeddable":true,"href":"https:\/\/migracao.redenoticia.com.br\/noticia\/wp-json\/wp\/v2\/media\/57579"}],"wp:attachment":[{"href":"https:\/\/migracao.redenoticia.com.br\/noticia\/wp-json\/wp\/v2\/media?parent=125384"}],"wp:term":[{"taxonomy":"category","embeddable":true,"href":"https:\/\/migracao.redenoticia.com.br\/noticia\/wp-json\/wp\/v2\/categories?post=125384"},{"taxonomy":"post_tag","embeddable":true,"href":"https:\/\/migracao.redenoticia.com.br\/noticia\/wp-json\/wp\/v2\/tags?post=125384"}],"curies":[{"name":"wp","href":"https:\/\/api.w.org\/{rel}","templated":true}]}}