{"id":125390,"date":"2017-11-10T00:29:32","date_gmt":"2017-11-10T02:29:32","guid":{"rendered":"https:\/\/www.redenoticia.com.br\/noticia\/?p=125390"},"modified":"2017-11-09T21:28:40","modified_gmt":"2017-11-09T23:28:40","slug":"pos-doutorado-em-anatomia-de-serpentes-neotropicais-venenosas-com-bolsa-da-fapesp","status":"publish","type":"post","link":"https:\/\/migracao.redenoticia.com.br\/noticia\/2017\/pos-doutorado-em-anatomia-de-serpentes-neotropicais-venenosas-com-bolsa-da-fapesp\/125390","title":{"rendered":"P\u00f3s-doutorado em Anatomia de Serpentes Neotropicais Venenosas com Bolsa da FAPESP"},"content":{"rendered":"<p> Ag\u00eancia FAPESP\u00a0\u2013 Est\u00e1 dispon\u00edvel uma <strong><em>vaga de p\u00f3s-doutorado no Instituto Butantan<\/em><\/strong> para o projeto de pesquisa\u00a0. A inscri\u00e7\u00e3o pode ser feita at\u00e9 dia 15 de novembro de 2017.<\/p>\n<p>O projeto faz parte do programa BIOTA-FAPESP e \u00e9 coordenado pelo professor\u00a0.<\/p>\n<p>O bolsista trabalhar\u00e1 na investiga\u00e7\u00e3o anat\u00f4mica e da express\u00e3o g\u00eanica do aparato de veneno das serpentes, incluindo esqueleto, m\u00fasculos e gl\u00e2ndulas cef\u00e1licas. A pesquisa envolve a an\u00e1lise morfol\u00f3gica e transcript\u00f4mica comparativa de esp\u00e9cies representativas das tr\u00eas fam\u00edlias de serpentes neotropicais (Elapidae, Viperidae e Dipsadidae) que apresentam t\u00e1xons venenosos.<\/p>\n<p>Exige-se para a vaga: t\u00edtulo de doutor em \u00e1rea correlata ao projeto conclu\u00eddo h\u00e1 menos de cinco anos; interesse em evolu\u00e7\u00e3o de serpentes e experi\u00eancia comprovada no estudo anat\u00f4mico, histol\u00f3gico, histoqu\u00edmico, transcript\u00f4mico ou micro-CT de vertebrados; \u00e9 desej\u00e1vel flu\u00eancia em ingl\u00eas e portugu\u00eas e disponibilidade para residir em S\u00e3o Paulo durante os dois anos da bolsa.<\/p>\n<p>Os interessados devem enviar e-mail para (biodiversity.scales@butantan.gov.br), contendo curriculum vitae, carta de apresenta\u00e7\u00e3o justificando o interesse na vaga e contatos (nome, institui\u00e7\u00e3o, telefone e e-mail) de dois ou tr\u00eas pesquisadores que possam dar informa\u00e7\u00f5es sobre o candidato.<\/p>\n<p>Mais informa\u00e7\u00f5es sobre a vaga est\u00e3o em:\u00a0.<\/p>\n<p>A oportunidade est\u00e1 aberta a brasileiros e estrangeiros. O selecionado receber\u00e1 Bolsa de P\u00f3s-Doutorado da FAPESP no valor de R$ 7.174,80 mensais e Reserva T\u00e9cnica. A Reserva T\u00e9cnica de Bolsa de PD equivale a 15% do valor anual da bolsa e tem o objetivo de atender a despesas imprevistas e diretamente relacionadas \u00e0 atividade de pesquisa.<\/p>\n<p>Caso o bolsista de PD resida em domic\u00edlio diferente e precise se mudar para a cidade onde se localiza a institui\u00e7\u00e3o-sede da pesquisa, poder\u00e1 ter direito a um aux\u00edlio-instala\u00e7\u00e3o. Mais informa\u00e7\u00f5es sobre a Bolsa de P\u00f3s-Doutorado da FAPESP est\u00e3o dispon\u00edveis em\u00a0.<\/p>\n<p>Outras vagas de bolsas, em diversas \u00e1reas do conhecimento, est\u00e3o no site FAPESP-Oportunidades, em\u00a0.<\/p>\n","protected":false},"excerpt":{"rendered":"<p>Ag\u00eancia FAPESP\u00a0\u2013 Est\u00e1 dispon\u00edvel uma vaga de p\u00f3s-doutorado no Instituto Butantan para o projeto de pesquisa\u00a0. A inscri\u00e7\u00e3o pode ser feita at\u00e9 dia 15 de novembro de 2017. O projeto faz parte do programa BIOTA-FAPESP e \u00e9 coordenado pelo professor\u00a0. O bolsista trabalhar\u00e1 na investiga\u00e7\u00e3o anat\u00f4mica e da express\u00e3o g\u00eanica do aparato de veneno das [&hellip;]<\/p>\n","protected":false},"author":2,"featured_media":34767,"comment_status":"open","ping_status":"closed","sticky":false,"template":"","format":"standard","meta":{"tdm_status":"","tdm_grid_status":"","footnotes":""},"categories":[22,370,353],"tags":[],"class_list":{"0":"post-125390","1":"post","2":"type-post","3":"status-publish","4":"format-standard","5":"has-post-thumbnail","7":"category-brasil","8":"category-inscricao","9":"category-oportunidades"},"_links":{"self":[{"href":"https:\/\/migracao.redenoticia.com.br\/noticia\/wp-json\/wp\/v2\/posts\/125390","targetHints":{"allow":["GET"]}}],"collection":[{"href":"https:\/\/migracao.redenoticia.com.br\/noticia\/wp-json\/wp\/v2\/posts"}],"about":[{"href":"https:\/\/migracao.redenoticia.com.br\/noticia\/wp-json\/wp\/v2\/types\/post"}],"author":[{"embeddable":true,"href":"https:\/\/migracao.redenoticia.com.br\/noticia\/wp-json\/wp\/v2\/users\/2"}],"replies":[{"embeddable":true,"href":"https:\/\/migracao.redenoticia.com.br\/noticia\/wp-json\/wp\/v2\/comments?post=125390"}],"version-history":[{"count":0,"href":"https:\/\/migracao.redenoticia.com.br\/noticia\/wp-json\/wp\/v2\/posts\/125390\/revisions"}],"wp:featuredmedia":[{"embeddable":true,"href":"https:\/\/migracao.redenoticia.com.br\/noticia\/wp-json\/wp\/v2\/media\/34767"}],"wp:attachment":[{"href":"https:\/\/migracao.redenoticia.com.br\/noticia\/wp-json\/wp\/v2\/media?parent=125390"}],"wp:term":[{"taxonomy":"category","embeddable":true,"href":"https:\/\/migracao.redenoticia.com.br\/noticia\/wp-json\/wp\/v2\/categories?post=125390"},{"taxonomy":"post_tag","embeddable":true,"href":"https:\/\/migracao.redenoticia.com.br\/noticia\/wp-json\/wp\/v2\/tags?post=125390"}],"curies":[{"name":"wp","href":"https:\/\/api.w.org\/{rel}","templated":true}]}}