{"id":125508,"date":"2017-11-11T00:09:51","date_gmt":"2017-11-11T02:09:51","guid":{"rendered":"https:\/\/www.redenoticia.com.br\/noticia\/?p=125508"},"modified":"2017-11-10T16:35:57","modified_gmt":"2017-11-10T18:35:57","slug":"resumo-novela-malhacao-1311-keyla-descobre-que-lica-beijou-deco","status":"publish","type":"post","link":"https:\/\/migracao.redenoticia.com.br\/noticia\/2017\/resumo-novela-malhacao-1311-keyla-descobre-que-lica-beijou-deco\/125508","title":{"rendered":"Resumo novela \u201cMalha\u00e7\u00e3o\u201d 13\/11: Keyla descobre que Lica beijou Deco"},"content":{"rendered":"<p> <img loading=\"lazy\" decoding=\"async\" class=\"alignleft size-thumbnail wp-image-110075\" src=\"https:\/\/migracao.redenoticia.com.br\/noticia\/imagens\/malhacao-viva-a-diferenca-150x112.jpg\" alt=\"\" width=\"150\" height=\"112\" srcset=\"https:\/\/migracao.redenoticia.com.br\/noticia\/imagens\/malhacao-viva-a-diferenca-150x112.jpg 150w, https:\/\/migracao.redenoticia.com.br\/noticia\/imagens\/malhacao-viva-a-diferenca-265x198.jpg 265w\" sizes=\"auto, (max-width: 150px) 100vw, 150px\" \/><strong><em>Resumo novela \u201cMalha\u00e7\u00e3o\u201d 13\/11<\/em><\/strong>: no cap\u00edtulo 134(*) da novela \u201cMalha\u00e7\u00e3o\u201d, resumo de segunda-feira, 13 de novembro, Ben\u00ea afirma a Keyla que n\u00e3o quer falar sobre a volta de seu pai. Ben\u00ea mostra sua nova m\u00fasica para as amigas e conta como a comp\u00f4s. Keyla insiste para que Ben\u00ea desabafe sobre seu pai, e a menina conta como ele entrou em contato com Josefina. <\/p>\n<p>Ben\u00ea e Julinho falam sobre suas mem\u00f3rias do pai. Lica se comporta de forma alterada. C\u00edcero pede o div\u00f3rcio a Josefina e conta que tem outra fam\u00edlia, ignorando a paternidade de Ben\u00ea. <\/p>\n<p>Julinho impede que Ben\u00ea escute C\u00edcero maldizendo a irm\u00e3. Tina, Keyla, Ellen e Lica discutem entre si e Ben\u00ea se desespera. Keyla descobre que Lica beijou Deco. Roney e Josefina se preocupam com a briga das amigas. As meninas decidem desfazer sua amizade.<\/p>\n<p>(*) edi\u00e7\u00e3o da Rede Globo, Novela \u201cMalha\u00e7\u00e3o\u201d, sujeito a altera\u00e7\u00e3o de data e conte\u00fado.<\/p>\n<p>A vig\u00e9sima quinta temporada da s\u00e9rie de televis\u00e3o brasileira Malha\u00e7\u00e3o, produzida pela Rede Globo, \u00e9 escrita por Cao Hamburger, com colabora\u00e7\u00e3o de Jaqueline Vargas, Luciana Pessanha, Vitor Brandt e Carolina Ziskind, e conta com a dire\u00e7\u00e3o de Paulo Silvestrini. Pela primeira vez ap\u00f3s vinte e quatro temporadas, a novela ser\u00e1 ambientada nas zonas leste e sul da cidade de S\u00e3o Paulo. A trama \u00e9 protagonizada por Gabriela Medvedovski, Heslaine Vieira, Ana Hikari, Manoela Aliperti e Daphne Bozaski. O elenco tamb\u00e9m \u00e9 composto por Matheus Abreu, Hall Mendes, Juan Piava, Gabriel Calamari, Bruno Gadiol, Giovanna Grigio, Aline Fanju, L\u00facio Mauro Filho, Malu Galli, Angelo Ant\u00f4nio, Daniela Galli, Marcello Antony, Isabella Scherer, Talita Younan e Carol Macedo nos papeis principais.<\/p>\n","protected":false},"excerpt":{"rendered":"<p>Resumo novela \u201cMalha\u00e7\u00e3o\u201d 13\/11: no cap\u00edtulo 134(*) da novela \u201cMalha\u00e7\u00e3o\u201d, resumo de segunda-feira, 13 de novembro, Ben\u00ea afirma a Keyla que n\u00e3o quer falar sobre a volta de seu pai. Ben\u00ea mostra sua nova m\u00fasica para as amigas e conta como a comp\u00f4s. Keyla insiste para que Ben\u00ea desabafe sobre seu pai, e a menina [&hellip;]<\/p>\n","protected":false},"author":2,"featured_media":110075,"comment_status":"open","ping_status":"closed","sticky":false,"template":"","format":"standard","meta":{"tdm_status":"","tdm_grid_status":"","footnotes":""},"categories":[447,379,375,343],"tags":[441],"class_list":{"0":"post-125508","1":"post","2":"type-post","3":"status-publish","4":"format-standard","5":"has-post-thumbnail","7":"category-malhacao","8":"category-novelas","9":"category-rede-globo","10":"category-televisao","11":"tag-resumo-do-dia"},"_links":{"self":[{"href":"https:\/\/migracao.redenoticia.com.br\/noticia\/wp-json\/wp\/v2\/posts\/125508","targetHints":{"allow":["GET"]}}],"collection":[{"href":"https:\/\/migracao.redenoticia.com.br\/noticia\/wp-json\/wp\/v2\/posts"}],"about":[{"href":"https:\/\/migracao.redenoticia.com.br\/noticia\/wp-json\/wp\/v2\/types\/post"}],"author":[{"embeddable":true,"href":"https:\/\/migracao.redenoticia.com.br\/noticia\/wp-json\/wp\/v2\/users\/2"}],"replies":[{"embeddable":true,"href":"https:\/\/migracao.redenoticia.com.br\/noticia\/wp-json\/wp\/v2\/comments?post=125508"}],"version-history":[{"count":0,"href":"https:\/\/migracao.redenoticia.com.br\/noticia\/wp-json\/wp\/v2\/posts\/125508\/revisions"}],"wp:featuredmedia":[{"embeddable":true,"href":"https:\/\/migracao.redenoticia.com.br\/noticia\/wp-json\/wp\/v2\/media\/110075"}],"wp:attachment":[{"href":"https:\/\/migracao.redenoticia.com.br\/noticia\/wp-json\/wp\/v2\/media?parent=125508"}],"wp:term":[{"taxonomy":"category","embeddable":true,"href":"https:\/\/migracao.redenoticia.com.br\/noticia\/wp-json\/wp\/v2\/categories?post=125508"},{"taxonomy":"post_tag","embeddable":true,"href":"https:\/\/migracao.redenoticia.com.br\/noticia\/wp-json\/wp\/v2\/tags?post=125508"}],"curies":[{"name":"wp","href":"https:\/\/api.w.org\/{rel}","templated":true}]}}