{"id":125604,"date":"2017-11-13T00:07:21","date_gmt":"2017-11-13T02:07:21","guid":{"rendered":"https:\/\/www.redenoticia.com.br\/noticia\/?p=125604"},"modified":"2017-11-12T20:32:39","modified_gmt":"2017-11-12T22:32:39","slug":"tribunal-de-contas-promovera-concurso-cultural","status":"publish","type":"post","link":"https:\/\/migracao.redenoticia.com.br\/noticia\/2017\/tribunal-de-contas-promovera-concurso-cultural\/125604","title":{"rendered":"Tribunal de Contas promover\u00e1 concurso cultural"},"content":{"rendered":"<p> Ag\u00eancia FAPESP\u00a0\u2013 O Tribunal de Contas do Estado de S\u00e3o Paulo (TCESP) promover\u00e1, no dia 9 de dezembro de 2017, o <em><strong>Concurso Cultural Ideias TCESP 2017<\/strong><\/em>. O objetivo da competi\u00e7\u00e3o \u00e9 buscar propostas inovadoras para combater a corrup\u00e7\u00e3o, promover a transpar\u00eancia e simplificar as informa\u00e7\u00f5es sobre os gastos p\u00fablicos.<\/p>\n<p>Direcionada a empreendedores digitais, startups, organiza\u00e7\u00f5es n\u00e3o governamentais (ONGs), ciberativistas e servidores p\u00fablicos, a competi\u00e7\u00e3o ter\u00e1 como tema \u201cTranspar\u00eancia e qualidade dos gastos p\u00fablicos\u201d. Os participantes dever\u00e3o criar uma ferramenta que permita o aperfei\u00e7oamento dos processos, rotinas e atividades do controle externo e social.<\/p>\n<p>Para a atual edi\u00e7\u00e3o, foram lan\u00e7ados cinco desafios: dar ao cidad\u00e3o informa\u00e7\u00f5es que permitam o acompanhamento do uso dos recursos p\u00fablicos; trabalhar e exibir os dados da transpar\u00eancia para facilitar a medi\u00e7\u00e3o da qualidade dos gastos; aumentar o interesse da popula\u00e7\u00e3o sobre o controle social; potencializar a detec\u00e7\u00e3o de il\u00edcitos na contrata\u00e7\u00e3o de bens e servi\u00e7os p\u00fablicos a partir dos dados da transpar\u00eancia e criar ferramentas e metodologias para a fiscaliza\u00e7\u00e3o de recursos.<\/p>\n<p>Podem participar do concurso pessoas f\u00edsicas com idade igual ou superior a 18 anos, startups com menos de cinco anos de exist\u00eancia no Cadastro Nacional de Pessoas Jur\u00eddicas (CNPJ) e Organiza\u00e7\u00f5es da Sociedade Civil (OSCs). As equipes poder\u00e3o ter at\u00e9 cinco integrantes. Os selecionados ser\u00e3o notificados e convidados para o evento.<\/p>\n<p>A premia\u00e7\u00e3o ser\u00e1 distribu\u00edda \u00e0s tr\u00eas equipes finalistas. A primeira colocada receber\u00e1 R$ 20 mil, a segunda, R$ 15 mil e a terceira, R$ 10 mil. No dia 14 de dezembro ser\u00e1 realizada a cerim\u00f4nia de entrega das gratifica\u00e7\u00f5es.<\/p>\n<p>As inscri\u00e7\u00f5es est\u00e3o abertas at\u00e9 o dia 27 de novembro, pelo\u00a0. O evento, uma iniciativa da presid\u00eancia do TCESP, conta com o apoio do Departamento de Tecnologia da Informa\u00e7\u00e3o e da Escola Paulista de Contas P\u00fablicas, ambos ligados ao Tribunal.<\/p>\n<p>Mais informa\u00e7\u00f5es:\u00a0.<\/p>\n","protected":false},"excerpt":{"rendered":"<p>Ag\u00eancia FAPESP\u00a0\u2013 O Tribunal de Contas do Estado de S\u00e3o Paulo (TCESP) promover\u00e1, no dia 9 de dezembro de 2017, o Concurso Cultural Ideias TCESP 2017. O objetivo da competi\u00e7\u00e3o \u00e9 buscar propostas inovadoras para combater a corrup\u00e7\u00e3o, promover a transpar\u00eancia e simplificar as informa\u00e7\u00f5es sobre os gastos p\u00fablicos. Direcionada a empreendedores digitais, startups, organiza\u00e7\u00f5es [&hellip;]<\/p>\n","protected":false},"author":2,"featured_media":28951,"comment_status":"open","ping_status":"closed","sticky":false,"template":"","format":"standard","meta":{"tdm_status":"","tdm_grid_status":"","footnotes":""},"categories":[22,370,353],"tags":[],"class_list":{"0":"post-125604","1":"post","2":"type-post","3":"status-publish","4":"format-standard","5":"has-post-thumbnail","7":"category-brasil","8":"category-inscricao","9":"category-oportunidades"},"_links":{"self":[{"href":"https:\/\/migracao.redenoticia.com.br\/noticia\/wp-json\/wp\/v2\/posts\/125604","targetHints":{"allow":["GET"]}}],"collection":[{"href":"https:\/\/migracao.redenoticia.com.br\/noticia\/wp-json\/wp\/v2\/posts"}],"about":[{"href":"https:\/\/migracao.redenoticia.com.br\/noticia\/wp-json\/wp\/v2\/types\/post"}],"author":[{"embeddable":true,"href":"https:\/\/migracao.redenoticia.com.br\/noticia\/wp-json\/wp\/v2\/users\/2"}],"replies":[{"embeddable":true,"href":"https:\/\/migracao.redenoticia.com.br\/noticia\/wp-json\/wp\/v2\/comments?post=125604"}],"version-history":[{"count":0,"href":"https:\/\/migracao.redenoticia.com.br\/noticia\/wp-json\/wp\/v2\/posts\/125604\/revisions"}],"wp:featuredmedia":[{"embeddable":true,"href":"https:\/\/migracao.redenoticia.com.br\/noticia\/wp-json\/wp\/v2\/media\/28951"}],"wp:attachment":[{"href":"https:\/\/migracao.redenoticia.com.br\/noticia\/wp-json\/wp\/v2\/media?parent=125604"}],"wp:term":[{"taxonomy":"category","embeddable":true,"href":"https:\/\/migracao.redenoticia.com.br\/noticia\/wp-json\/wp\/v2\/categories?post=125604"},{"taxonomy":"post_tag","embeddable":true,"href":"https:\/\/migracao.redenoticia.com.br\/noticia\/wp-json\/wp\/v2\/tags?post=125604"}],"curies":[{"name":"wp","href":"https:\/\/api.w.org\/{rel}","templated":true}]}}