{"id":125612,"date":"2017-11-13T00:09:59","date_gmt":"2017-11-13T02:09:59","guid":{"rendered":"https:\/\/www.redenoticia.com.br\/noticia\/?p=125612"},"modified":"2017-11-12T20:34:56","modified_gmt":"2017-11-12T22:34:56","slug":"metro-sp-abre-inscricoes-para-50-vagas-de-aprendiz-senai","status":"publish","type":"post","link":"https:\/\/migracao.redenoticia.com.br\/noticia\/2017\/metro-sp-abre-inscricoes-para-50-vagas-de-aprendiz-senai\/125612","title":{"rendered":"Metr\u00f4 SP abre inscri\u00e7\u00f5es para 50 vagas de  Aprendiz Senai"},"content":{"rendered":"<p> Os jovens que quiserem trabalhar no Metr\u00f4 podem se inscrever para\u00a0o processo seletivo das 50 vagas\u00a0no <em><strong>curso de aprendizagem industrial<\/strong><\/em>. S\u00e3o 30 vagas para forma\u00e7\u00e3o de eletricista de manuten\u00e7\u00e3o eletroeletr\u00f4nica e 20 para mec\u00e2nico de manuten\u00e7\u00e3o. A iniciativa \u00e9 uma parceria com o Servi\u00e7o Nacional de Aprendizagem Industrial (Senai).<\/p>\n<p>Para concorrer \u00e0s vagas para o curso de mec\u00e2nico de manuten\u00e7\u00e3o, os candidatos dever\u00e3o ter o ensino fundamental completo e idade m\u00ednima de 14 anos na data de in\u00edcio do curso, em 22 de janeiro de 2018, e menos de 24 anos antes do t\u00e9rmino do aprendizado.<\/p>\n<p>Para a forma\u00e7\u00e3o de eletricista de manuten\u00e7\u00e3o eletr\u00f4nico, dever\u00e3o ter 16 anos na data de in\u00edcio das aulas e menos de 24 anos na data de conclus\u00e3o.<\/p>\n<p>O curso tem dura\u00e7\u00e3o de dois anos e os aprovados receber\u00e3o forma\u00e7\u00e3o te\u00f3rica, pr\u00e1tica e profissional no Senai, numa jornada de 4 horas di\u00e1rias, recebendo bolsa-aux\u00edlio de R$ 562,20 mensais.\u00a0.<\/p>\n<p>As inscri\u00e7\u00f5es dever\u00e3o ser feitas diretamente na Escola Senai \u201cRoberto Simonsen\u201d, situada na Rua Monsenhor Andrade, n\u00ba 298, no Br\u00e1s, nos dias 13 e 14 de novembro, das 8h \u00e0s 16h.<\/p>\n<p> Do Portal do Governo SP<\/p>\n","protected":false},"excerpt":{"rendered":"<p>Os jovens que quiserem trabalhar no Metr\u00f4 podem se inscrever para\u00a0o processo seletivo das 50 vagas\u00a0no curso de aprendizagem industrial. S\u00e3o 30 vagas para forma\u00e7\u00e3o de eletricista de manuten\u00e7\u00e3o eletroeletr\u00f4nica e 20 para mec\u00e2nico de manuten\u00e7\u00e3o. A iniciativa \u00e9 uma parceria com o Servi\u00e7o Nacional de Aprendizagem Industrial (Senai). Para concorrer \u00e0s vagas para o [&hellip;]<\/p>\n","protected":false},"author":2,"featured_media":57577,"comment_status":"open","ping_status":"closed","sticky":false,"template":"","format":"standard","meta":{"tdm_status":"","tdm_grid_status":"","footnotes":""},"categories":[22,351,370],"tags":[],"class_list":{"0":"post-125612","1":"post","2":"type-post","3":"status-publish","4":"format-standard","5":"has-post-thumbnail","7":"category-brasil","8":"category-cursos","9":"category-inscricao"},"_links":{"self":[{"href":"https:\/\/migracao.redenoticia.com.br\/noticia\/wp-json\/wp\/v2\/posts\/125612","targetHints":{"allow":["GET"]}}],"collection":[{"href":"https:\/\/migracao.redenoticia.com.br\/noticia\/wp-json\/wp\/v2\/posts"}],"about":[{"href":"https:\/\/migracao.redenoticia.com.br\/noticia\/wp-json\/wp\/v2\/types\/post"}],"author":[{"embeddable":true,"href":"https:\/\/migracao.redenoticia.com.br\/noticia\/wp-json\/wp\/v2\/users\/2"}],"replies":[{"embeddable":true,"href":"https:\/\/migracao.redenoticia.com.br\/noticia\/wp-json\/wp\/v2\/comments?post=125612"}],"version-history":[{"count":0,"href":"https:\/\/migracao.redenoticia.com.br\/noticia\/wp-json\/wp\/v2\/posts\/125612\/revisions"}],"wp:featuredmedia":[{"embeddable":true,"href":"https:\/\/migracao.redenoticia.com.br\/noticia\/wp-json\/wp\/v2\/media\/57577"}],"wp:attachment":[{"href":"https:\/\/migracao.redenoticia.com.br\/noticia\/wp-json\/wp\/v2\/media?parent=125612"}],"wp:term":[{"taxonomy":"category","embeddable":true,"href":"https:\/\/migracao.redenoticia.com.br\/noticia\/wp-json\/wp\/v2\/categories?post=125612"},{"taxonomy":"post_tag","embeddable":true,"href":"https:\/\/migracao.redenoticia.com.br\/noticia\/wp-json\/wp\/v2\/tags?post=125612"}],"curies":[{"name":"wp","href":"https:\/\/api.w.org\/{rel}","templated":true}]}}