{"id":125645,"date":"2017-11-14T00:25:37","date_gmt":"2017-11-14T02:25:37","guid":{"rendered":"https:\/\/www.redenoticia.com.br\/noticia\/?p=125645"},"modified":"2017-11-13T16:15:18","modified_gmt":"2017-11-13T18:15:18","slug":"treinamento-tecnico-em-biologia-celular-com-bolsa-da-fapesp","status":"publish","type":"post","link":"https:\/\/migracao.redenoticia.com.br\/noticia\/2017\/treinamento-tecnico-em-biologia-celular-com-bolsa-da-fapesp\/125645","title":{"rendered":"Treinamento t\u00e9cnico em Biologia Celular com Bolsa da FAPESP"},"content":{"rendered":"<p> Ag\u00eancia FAPESP\u00a0\u2013 O projeto de pesquisa \u201c\u201d, conduzido pelo professor\u00a0no Instituto de Qu\u00edmica da USP, oferece oportunidade para <strong><em>Treinamento T\u00e9cnico<\/em><\/strong> n\u00edvel tr\u00eas (TT-3) com Bolsa da FAPESP. O prazo de inscri\u00e7\u00e3o se encerra em 17 de novembro de 2017.<\/p>\n<p>O objetivo do trabalho \u00e9 aprofundar o conhecimento das enzimas DUSP em rela\u00e7\u00e3o a novas fun\u00e7\u00f5es biol\u00f3gicas conhecendo melhor seus substratos proteicos e mecanismos moleculares de intera\u00e7\u00e3o. O bolsista conduzir\u00e1 experimentos de contagem de c\u00e9lulas e col\u00f4nias 3D usando culturas de c\u00e9lulas leuc\u00eamicas humanas.<\/p>\n<p>Para se inscrever, os candidatos dever\u00e3o enviar e-mail para o professor Forti (flforti@iq.usp.br).<\/p>\n<p>Mais informa\u00e7\u00f5es sobre a vaga est\u00e3o dispon\u00edveis em\u00a0.<\/p>\n<p>A Bolsa de TT-3 tem valor de R$ 1.195,60 e \u00e9 direcionada a alunos graduados do n\u00edvel superior, sem reprova\u00e7\u00f5es em seu hist\u00f3rico escolar e sem v\u00ednculo empregat\u00edcio, com dedica\u00e7\u00e3o de 16 a 40 horas semanais \u00e0s atividades de apoio ao projeto de pesquisa. O tempo de bolsa TT-3 ser\u00e1 descontado no caso de o interessado vir a usufruir de Bolsa de Mestrado ou Doutorado Direto.<\/p>\n<p>Mais informa\u00e7\u00f5es sobre as bolsas de Treinamento T\u00e9cnico est\u00e3o em\u00a0.<\/p>\n<p>Outras vagas de bolsas, em diversas \u00e1reas do conhecimento, est\u00e3o no site FAPESP-Oportunidades, em\u00a0.<\/p>\n","protected":false},"excerpt":{"rendered":"<p>Ag\u00eancia FAPESP\u00a0\u2013 O projeto de pesquisa \u201c\u201d, conduzido pelo professor\u00a0no Instituto de Qu\u00edmica da USP, oferece oportunidade para Treinamento T\u00e9cnico n\u00edvel tr\u00eas (TT-3) com Bolsa da FAPESP. O prazo de inscri\u00e7\u00e3o se encerra em 17 de novembro de 2017. O objetivo do trabalho \u00e9 aprofundar o conhecimento das enzimas DUSP em rela\u00e7\u00e3o a novas fun\u00e7\u00f5es [&hellip;]<\/p>\n","protected":false},"author":2,"featured_media":28951,"comment_status":"open","ping_status":"closed","sticky":false,"template":"","format":"standard","meta":{"tdm_status":"","tdm_grid_status":"","footnotes":""},"categories":[22,351,370],"tags":[],"class_list":{"0":"post-125645","1":"post","2":"type-post","3":"status-publish","4":"format-standard","5":"has-post-thumbnail","7":"category-brasil","8":"category-cursos","9":"category-inscricao"},"_links":{"self":[{"href":"https:\/\/migracao.redenoticia.com.br\/noticia\/wp-json\/wp\/v2\/posts\/125645","targetHints":{"allow":["GET"]}}],"collection":[{"href":"https:\/\/migracao.redenoticia.com.br\/noticia\/wp-json\/wp\/v2\/posts"}],"about":[{"href":"https:\/\/migracao.redenoticia.com.br\/noticia\/wp-json\/wp\/v2\/types\/post"}],"author":[{"embeddable":true,"href":"https:\/\/migracao.redenoticia.com.br\/noticia\/wp-json\/wp\/v2\/users\/2"}],"replies":[{"embeddable":true,"href":"https:\/\/migracao.redenoticia.com.br\/noticia\/wp-json\/wp\/v2\/comments?post=125645"}],"version-history":[{"count":0,"href":"https:\/\/migracao.redenoticia.com.br\/noticia\/wp-json\/wp\/v2\/posts\/125645\/revisions"}],"wp:featuredmedia":[{"embeddable":true,"href":"https:\/\/migracao.redenoticia.com.br\/noticia\/wp-json\/wp\/v2\/media\/28951"}],"wp:attachment":[{"href":"https:\/\/migracao.redenoticia.com.br\/noticia\/wp-json\/wp\/v2\/media?parent=125645"}],"wp:term":[{"taxonomy":"category","embeddable":true,"href":"https:\/\/migracao.redenoticia.com.br\/noticia\/wp-json\/wp\/v2\/categories?post=125645"},{"taxonomy":"post_tag","embeddable":true,"href":"https:\/\/migracao.redenoticia.com.br\/noticia\/wp-json\/wp\/v2\/tags?post=125645"}],"curies":[{"name":"wp","href":"https:\/\/api.w.org\/{rel}","templated":true}]}}