{"id":125649,"date":"2017-11-14T00:26:20","date_gmt":"2017-11-14T02:26:20","guid":{"rendered":"https:\/\/www.redenoticia.com.br\/noticia\/?p=125649"},"modified":"2017-11-13T16:17:02","modified_gmt":"2017-11-13T18:17:02","slug":"treinamento-tecnico-em-biologia-molecular-com-bolsa-da-fapesp-3","status":"publish","type":"post","link":"https:\/\/migracao.redenoticia.com.br\/noticia\/2017\/treinamento-tecnico-em-biologia-molecular-com-bolsa-da-fapesp-3\/125649","title":{"rendered":"Treinamento t\u00e9cnico em Biologia Molecular com Bolsa da FAPESP"},"content":{"rendered":"<p> Ag\u00eancia FAPESP\u00a0\u2013 O projeto de pesquisa\u00a0\u201c\u201d, conduzido no Centro de Ci\u00eancias Biol\u00f3gicas e da Sa\u00fade da Universidade Federal de S\u00e3o Carlos, disp\u00f5e de uma vaga de <strong><em>Treinamento T\u00e9cnico<\/em><\/strong> n\u00edvel tr\u00eas (TT-3) com Bolsa da FAPESP. A oportunidade integra um projeto apoiado pelo programa\u00a0\u00a0e o prazo de inscri\u00e7\u00e3o termina no dia 17 de novembro de 2017.<\/p>\n<p>O bolsista ser\u00e1 treinado para usar diferentes t\u00e9cnicas de Biologia Molecular voltadas para a manipula\u00e7\u00e3o de RNA e DNA em amostras de leishmaniose, analisar dados de sequ\u00eancias biol\u00f3gicas e preparar diferentes solu\u00e7\u00f5es e meios de cultura. As atividades desempenhadas dar\u00e3o suporte para a manuten\u00e7\u00e3o do laborat\u00f3rio.<\/p>\n<p>Os interessados devem enviar e-mail para a professora coordenadora do projeto\u00a0Sandra R. C. Maruyama(srmaruyama@gmail.com), anexando o hist\u00f3rico de gradua\u00e7\u00e3o completo, curriculum vitae e carta de motiva\u00e7\u00e3o descrevendo o motivo do interesse pela vaga e experi\u00eancias adquiridas durante a gradua\u00e7\u00e3o.<\/p>\n<p>Candidatos com indica\u00e7\u00f5es de professores ou pesquisadores ter\u00e3o prioridade no processo seletivo. Neste caso, dever\u00e3o ser informados nome, telefone e e-mail do(s) professor(es) para checagem das informa\u00e7\u00f5es.<\/p>\n<p>Mais informa\u00e7\u00f5es sobre a vaga est\u00e3o dispon\u00edveis em\u00a0.<\/p>\n<p>A Bolsa de TT-3 da FAPESP tem valor de R$ 1.195,60 e \u00e9 direcionada a alunos graduados do n\u00edvel superior, sem reprova\u00e7\u00f5es em seu hist\u00f3rico escolar e sem v\u00ednculo empregat\u00edcio, com dedica\u00e7\u00e3o de 16 a 40 horas semanais \u00e0s atividades de apoio ao projeto de pesquisa. O tempo de bolsa TT-3 ser\u00e1 descontado no caso de o interessado vir a usufruir de Bolsa de Mestrado ou Doutorado Direto.<\/p>\n<p>Mais informa\u00e7\u00f5es sobre as bolsas de Treinamento T\u00e9cnico est\u00e3o em\u00a0.<\/p>\n<p>Outras vagas de bolsas, em diversas \u00e1reas do conhecimento, est\u00e3o no site FAPESP-Oportunidades, em\u00a0.<\/p>\n","protected":false},"excerpt":{"rendered":"<p>Ag\u00eancia FAPESP\u00a0\u2013 O projeto de pesquisa\u00a0\u201c\u201d, conduzido no Centro de Ci\u00eancias Biol\u00f3gicas e da Sa\u00fade da Universidade Federal de S\u00e3o Carlos, disp\u00f5e de uma vaga de Treinamento T\u00e9cnico n\u00edvel tr\u00eas (TT-3) com Bolsa da FAPESP. A oportunidade integra um projeto apoiado pelo programa\u00a0\u00a0e o prazo de inscri\u00e7\u00e3o termina no dia 17 de novembro de 2017. [&hellip;]<\/p>\n","protected":false},"author":2,"featured_media":36262,"comment_status":"open","ping_status":"closed","sticky":false,"template":"","format":"standard","meta":{"tdm_status":"","tdm_grid_status":"","footnotes":""},"categories":[22,351,370],"tags":[],"class_list":{"0":"post-125649","1":"post","2":"type-post","3":"status-publish","4":"format-standard","5":"has-post-thumbnail","7":"category-brasil","8":"category-cursos","9":"category-inscricao"},"_links":{"self":[{"href":"https:\/\/migracao.redenoticia.com.br\/noticia\/wp-json\/wp\/v2\/posts\/125649","targetHints":{"allow":["GET"]}}],"collection":[{"href":"https:\/\/migracao.redenoticia.com.br\/noticia\/wp-json\/wp\/v2\/posts"}],"about":[{"href":"https:\/\/migracao.redenoticia.com.br\/noticia\/wp-json\/wp\/v2\/types\/post"}],"author":[{"embeddable":true,"href":"https:\/\/migracao.redenoticia.com.br\/noticia\/wp-json\/wp\/v2\/users\/2"}],"replies":[{"embeddable":true,"href":"https:\/\/migracao.redenoticia.com.br\/noticia\/wp-json\/wp\/v2\/comments?post=125649"}],"version-history":[{"count":0,"href":"https:\/\/migracao.redenoticia.com.br\/noticia\/wp-json\/wp\/v2\/posts\/125649\/revisions"}],"wp:featuredmedia":[{"embeddable":true,"href":"https:\/\/migracao.redenoticia.com.br\/noticia\/wp-json\/wp\/v2\/media\/36262"}],"wp:attachment":[{"href":"https:\/\/migracao.redenoticia.com.br\/noticia\/wp-json\/wp\/v2\/media?parent=125649"}],"wp:term":[{"taxonomy":"category","embeddable":true,"href":"https:\/\/migracao.redenoticia.com.br\/noticia\/wp-json\/wp\/v2\/categories?post=125649"},{"taxonomy":"post_tag","embeddable":true,"href":"https:\/\/migracao.redenoticia.com.br\/noticia\/wp-json\/wp\/v2\/tags?post=125649"}],"curies":[{"name":"wp","href":"https:\/\/api.w.org\/{rel}","templated":true}]}}