{"id":125655,"date":"2017-11-14T00:28:49","date_gmt":"2017-11-14T02:28:49","guid":{"rendered":"https:\/\/www.redenoticia.com.br\/noticia\/?p=125655"},"modified":"2017-11-13T16:21:21","modified_gmt":"2017-11-13T18:21:21","slug":"inscricoes-abertas-para-os-cursos-de-2018-da-escola-de-musica-tom-jobim","status":"publish","type":"post","link":"https:\/\/migracao.redenoticia.com.br\/noticia\/2017\/inscricoes-abertas-para-os-cursos-de-2018-da-escola-de-musica-tom-jobim\/125655","title":{"rendered":"Inscri\u00e7\u00f5es abertas para os cursos de 2018 da Escola de M\u00fasica Tom Jobim"},"content":{"rendered":"<p> Est\u00e3o abertas as inscri\u00e7\u00f5es para o <strong><em>vestibular da Escola de M\u00fasica do Estado de S\u00e3o Paulo<\/em><\/strong> (Emesp) Tom Jobim. O processo seletivo dos cursos de forma\u00e7\u00e3o que come\u00e7am em 2018 s\u00e3o todos gratuitos, e os interessados podem se inscrever at\u00e9 27 de novembro, neste\u00a0.<\/p>\n<p>A Emesp oferece duas modalidades: Cursos de Forma\u00e7\u00e3o Continuada e Cursos de Forma\u00e7\u00e3o Avan\u00e7ada, ambos para quem j\u00e1 tem conhecimentos musicais.<\/p>\n<p>A Forma\u00e7\u00e3o Continuada se d\u00e1 em tr\u00eas ciclos, com vagas para instrumentos variados, desde violino e violoncelo at\u00e9 harpa e acorde\u00e3o. J\u00e1 a Forma\u00e7\u00e3o Avan\u00e7ada corresponde ao quarto ciclo, no qual o aluno pode se dedicar a uma outra \u00e1rea de forma\u00e7\u00e3o, como composi\u00e7\u00e3o ou m\u00fasica antiga.<\/p>\n<p>As duas modalidades s\u00e3o independentes, assim como seus ciclos, n\u00e3o sendo necess\u00e1rio que o aluno tenha feito os ciclos anteriores para poder se inscrever no desejado. Ao candidato, basta ter os conhecimentos necess\u00e1rios exigidos pela prova para concorrer.<\/p>\n<p>As inscri\u00e7\u00f5es devem ser feitas pelo site da Emesp Tom Jobim, na p\u00e1gina do processo seletivo, na qual o candidato encontra tamb\u00e9m o\u00a0, com todas as informa\u00e7\u00f5es necess\u00e1rias para inscri\u00e7\u00e3o, cronogramas e conte\u00fados program\u00e1ticos.<\/p>\n<p>O candidato pode se inscrever em um \u00fanico curso e as provas da primeira fase acontecem nos dias 4 e 5 de dezembro, enquanto a segunda fase ser\u00e1 de 11 a 14 do mesmo m\u00eas.<\/p>\n<p>A lista dos aprovados ser\u00e1 divulgada no dia 17 de janeiro e as matr\u00edculas dever\u00e3o ser efetuadas at\u00e9 o final do referido m\u00eas. As aulas com as novas turmas t\u00eam in\u00edcio em 5 de fevereiro.<\/p>\n<p>Cursos de Forma\u00e7\u00e3o Continuada<\/p>\n<p>Dividido em tr\u00eas ciclos, cada um para uma faixa et\u00e1ria, focam no ensino de um instrumento musical, al\u00e9m de oferecer disciplinas de apoio para o aproveitamento completo do aprendizado de m\u00fasica. Para cada um dos ciclos, s\u00e3o oferecidos cursos em instrumentos distintos.<\/p>\n<p>O 1\u00ba ciclo destina-se a candidatos com at\u00e9 13 anos, com aulas nos per\u00edodos matutino ou vespertino; j\u00e1 o 2\u00ba pode ser cursado por pessoas at\u00e9 16 anos, com aulas vespertinas, sendo que ambos os ciclos t\u00eam dura\u00e7\u00e3o de 3 anos.<\/p>\n<p>Com dura\u00e7\u00e3o de 2 anos, o 3\u00ba ciclo \u00e9 voltado para alunos de at\u00e9 21 anos e oferece vagas nos per\u00edodos matutino, vespertino ou noturno. Todos t\u00eam carga hor\u00e1ria total de 6 horas semanais.<\/p>\n<p>Cursos de Forma\u00e7\u00e3o Avan\u00e7ada<\/p>\n<p>Para 2018, os candidatos podem escolher entre os cursos de m\u00fasica antiga, composi\u00e7\u00e3o, ambos com quatro anos de dura\u00e7\u00e3o; de reg\u00eancia coral, que dura tr\u00eas anos; ou a Academia de \u00d3pera Theatro S\u00e3o Pedro, com dura\u00e7\u00e3o de dois anos. Sem limite de idade, os cursos s\u00e3o destinados a pessoas com conhecimento musical avan\u00e7ado e consistem em uma especializa\u00e7\u00e3o musical em uma das \u00e1reas.<\/p>\n<p>Todos os cursos t\u00eam carga hor\u00e1ria de at\u00e9 6 horas semanais e se realizam nos tr\u00eas per\u00edodos, envolvendo disciplinas pr\u00e1ticas, individuais e coletivas, e disciplinas te\u00f3ricas.<\/p>\n<p>Do Portal do Governo SP<\/p>\n","protected":false},"excerpt":{"rendered":"<p>Est\u00e3o abertas as inscri\u00e7\u00f5es para o vestibular da Escola de M\u00fasica do Estado de S\u00e3o Paulo (Emesp) Tom Jobim. O processo seletivo dos cursos de forma\u00e7\u00e3o que come\u00e7am em 2018 s\u00e3o todos gratuitos, e os interessados podem se inscrever at\u00e9 27 de novembro, neste\u00a0. A Emesp oferece duas modalidades: Cursos de Forma\u00e7\u00e3o Continuada e Cursos [&hellip;]<\/p>\n","protected":false},"author":2,"featured_media":57586,"comment_status":"open","ping_status":"closed","sticky":false,"template":"","format":"standard","meta":{"tdm_status":"","tdm_grid_status":"","footnotes":""},"categories":[22,370,295],"tags":[],"class_list":{"0":"post-125655","1":"post","2":"type-post","3":"status-publish","4":"format-standard","5":"has-post-thumbnail","7":"category-brasil","8":"category-inscricao","9":"category-vestibular"},"_links":{"self":[{"href":"https:\/\/migracao.redenoticia.com.br\/noticia\/wp-json\/wp\/v2\/posts\/125655","targetHints":{"allow":["GET"]}}],"collection":[{"href":"https:\/\/migracao.redenoticia.com.br\/noticia\/wp-json\/wp\/v2\/posts"}],"about":[{"href":"https:\/\/migracao.redenoticia.com.br\/noticia\/wp-json\/wp\/v2\/types\/post"}],"author":[{"embeddable":true,"href":"https:\/\/migracao.redenoticia.com.br\/noticia\/wp-json\/wp\/v2\/users\/2"}],"replies":[{"embeddable":true,"href":"https:\/\/migracao.redenoticia.com.br\/noticia\/wp-json\/wp\/v2\/comments?post=125655"}],"version-history":[{"count":0,"href":"https:\/\/migracao.redenoticia.com.br\/noticia\/wp-json\/wp\/v2\/posts\/125655\/revisions"}],"wp:featuredmedia":[{"embeddable":true,"href":"https:\/\/migracao.redenoticia.com.br\/noticia\/wp-json\/wp\/v2\/media\/57586"}],"wp:attachment":[{"href":"https:\/\/migracao.redenoticia.com.br\/noticia\/wp-json\/wp\/v2\/media?parent=125655"}],"wp:term":[{"taxonomy":"category","embeddable":true,"href":"https:\/\/migracao.redenoticia.com.br\/noticia\/wp-json\/wp\/v2\/categories?post=125655"},{"taxonomy":"post_tag","embeddable":true,"href":"https:\/\/migracao.redenoticia.com.br\/noticia\/wp-json\/wp\/v2\/tags?post=125655"}],"curies":[{"name":"wp","href":"https:\/\/api.w.org\/{rel}","templated":true}]}}