{"id":125784,"date":"2017-11-14T16:51:17","date_gmt":"2017-11-14T18:51:17","guid":{"rendered":"https:\/\/www.redenoticia.com.br\/noticia\/?p=125784"},"modified":"2017-11-14T15:57:47","modified_gmt":"2017-11-14T17:57:47","slug":"resumo-novela-malhacao-1511-guto-convida-bene-para-uma-viagem","status":"publish","type":"post","link":"https:\/\/migracao.redenoticia.com.br\/noticia\/2017\/resumo-novela-malhacao-1511-guto-convida-bene-para-uma-viagem\/125784","title":{"rendered":"Resumo novela \u201cMalha\u00e7\u00e3o\u201d 15\/11: Guto convida Ben\u00ea para uma viagem"},"content":{"rendered":"<p><img loading=\"lazy\" decoding=\"async\" class=\"alignleft size-thumbnail wp-image-110075\" src=\"https:\/\/migracao.redenoticia.com.br\/noticia\/imagens\/malhacao-viva-a-diferenca-150x112.jpg\" alt=\"\" width=\"150\" height=\"112\" srcset=\"https:\/\/migracao.redenoticia.com.br\/noticia\/imagens\/malhacao-viva-a-diferenca-150x112.jpg 150w, https:\/\/migracao.redenoticia.com.br\/noticia\/imagens\/malhacao-viva-a-diferenca-265x198.jpg 265w\" sizes=\"auto, (max-width: 150px) 100vw, 150px\" \/><strong><em>Resumo novela \u201cMalha\u00e7\u00e3o\u201d 15\/11<\/em><\/strong>: no cap\u00edtulo 136(*) da novela \u201cMalha\u00e7\u00e3o\u201d, resumo de quarta-feira, 15 de novembro, Tato e Roney comentam sobre o fraco movimento da lanchonete no per\u00edodo de f\u00e9rias e sentem falta de Keyla e Tonico. Guto visita Ben\u00ea e diz que est\u00e1 fazendo terapia. Ben\u00ea aceita se consultar com Renata. H\u00e1 uma passagem de tempo. Ben\u00ea diz estar gostando das sess\u00f5es com Renata. Das Dores e Nena exigem que Anderson se esforce para se recuperar da tristeza pela viagem de Tina. Fio come\u00e7a a trabalhar no sal\u00e3o de K2. K1 conta para K2 sobre a viagem com MB. Noboru comenta com Mitsuko que n\u00e3o sabe se Tina est\u00e1 feliz no Jap\u00e3o. Ernesto come\u00e7a a trabalhar no Cora Coralina. A m\u00e3e de Juca conta a B\u00f3ris que o filho mudar\u00e1 de escola. D\u00f3ris convida B\u00f3ris para substituir uma professora no Cora. Clara marca um encontro com Felipe. Guto convida Ben\u00ea para uma viagem de apresenta\u00e7\u00e3o musical.<\/p>\n<p>(*) edi\u00e7\u00e3o da Rede Globo, Novela \u201cMalha\u00e7\u00e3o\u201d, sujeito a altera\u00e7\u00e3o de data e conte\u00fado.<\/p>\n<p>A vig\u00e9sima quinta temporada da s\u00e9rie de televis\u00e3o brasileira Malha\u00e7\u00e3o, produzida pela Rede Globo, \u00e9 escrita por Cao Hamburger, com colabora\u00e7\u00e3o de Jaqueline Vargas, Luciana Pessanha, Vitor Brandt e Carolina Ziskind, e conta com a dire\u00e7\u00e3o de Paulo Silvestrini. Pela primeira vez ap\u00f3s vinte e quatro temporadas, a novela ser\u00e1 ambientada nas zonas leste e sul da cidade de S\u00e3o Paulo. A trama \u00e9 protagonizada por Gabriela Medvedovski, Heslaine Vieira, Ana Hikari, Manoela Aliperti e Daphne Bozaski. O elenco tamb\u00e9m \u00e9 composto por Matheus Abreu, Hall Mendes, Juan Piava, Gabriel Calamari, Bruno Gadiol, Giovanna Grigio, Aline Fanju, L\u00facio Mauro Filho, Malu Galli, Angelo Ant\u00f4nio, Daniela Galli, Marcello Antony, Isabella Scherer, Talita Younan e Carol Macedo nos papeis principais.<\/p>\n","protected":false},"excerpt":{"rendered":"<p>Resumo novela \u201cMalha\u00e7\u00e3o\u201d 15\/11: no cap\u00edtulo 136(*) da novela \u201cMalha\u00e7\u00e3o\u201d, resumo de quarta-feira, 15 de novembro, Tato e Roney comentam sobre o fraco movimento da lanchonete no per\u00edodo de f\u00e9rias e sentem falta de Keyla e Tonico. Guto visita Ben\u00ea e diz que est\u00e1 fazendo terapia. Ben\u00ea aceita se consultar com Renata. H\u00e1 uma passagem [&hellip;]<\/p>\n","protected":false},"author":4,"featured_media":110072,"comment_status":"open","ping_status":"closed","sticky":false,"template":"","format":"standard","meta":{"tdm_status":"","tdm_grid_status":"","footnotes":""},"categories":[447,379,375,343],"tags":[441],"class_list":{"0":"post-125784","1":"post","2":"type-post","3":"status-publish","4":"format-standard","5":"has-post-thumbnail","7":"category-malhacao","8":"category-novelas","9":"category-rede-globo","10":"category-televisao","11":"tag-resumo-do-dia"},"_links":{"self":[{"href":"https:\/\/migracao.redenoticia.com.br\/noticia\/wp-json\/wp\/v2\/posts\/125784","targetHints":{"allow":["GET"]}}],"collection":[{"href":"https:\/\/migracao.redenoticia.com.br\/noticia\/wp-json\/wp\/v2\/posts"}],"about":[{"href":"https:\/\/migracao.redenoticia.com.br\/noticia\/wp-json\/wp\/v2\/types\/post"}],"author":[{"embeddable":true,"href":"https:\/\/migracao.redenoticia.com.br\/noticia\/wp-json\/wp\/v2\/users\/4"}],"replies":[{"embeddable":true,"href":"https:\/\/migracao.redenoticia.com.br\/noticia\/wp-json\/wp\/v2\/comments?post=125784"}],"version-history":[{"count":0,"href":"https:\/\/migracao.redenoticia.com.br\/noticia\/wp-json\/wp\/v2\/posts\/125784\/revisions"}],"wp:featuredmedia":[{"embeddable":true,"href":"https:\/\/migracao.redenoticia.com.br\/noticia\/wp-json\/wp\/v2\/media\/110072"}],"wp:attachment":[{"href":"https:\/\/migracao.redenoticia.com.br\/noticia\/wp-json\/wp\/v2\/media?parent=125784"}],"wp:term":[{"taxonomy":"category","embeddable":true,"href":"https:\/\/migracao.redenoticia.com.br\/noticia\/wp-json\/wp\/v2\/categories?post=125784"},{"taxonomy":"post_tag","embeddable":true,"href":"https:\/\/migracao.redenoticia.com.br\/noticia\/wp-json\/wp\/v2\/tags?post=125784"}],"curies":[{"name":"wp","href":"https:\/\/api.w.org\/{rel}","templated":true}]}}