{"id":1258,"date":"2009-05-05T22:32:56","date_gmt":"2009-05-06T02:32:56","guid":{"rendered":"http:\/\/www.redenoticia.com.br\/noticia\/?p=1258"},"modified":"2009-05-05T22:34:14","modified_gmt":"2009-05-06T02:34:14","slug":"deu-na-coluna-do-claudio-humberto","status":"publish","type":"post","link":"https:\/\/migracao.redenoticia.com.br\/noticia\/2009\/deu-na-coluna-do-claudio-humberto\/1258","title":{"rendered":"Deu na coluna do Claudio Humberto"},"content":{"rendered":"<p><strong>Cassol emperra licen\u00e7a para Jirau<\/strong>\u00a0&#8211;\u00a0O Pal\u00e1cio do Planalto est\u00e1 pelas tampas com o governador de Rond\u00f4nia, Ivo Cassol, que foi cassado pelo TRE e atualmente espera no corredor da morte no Tribunal Superior Eleitoral. Ele est\u00e1 emperrando a libera\u00e7\u00e3o da licen\u00e7a do Ibama para constru\u00e7\u00e3o da hidrel\u00e9trica Jirau, investimento de R$ 9 bilh\u00f5es no Estado, alegando que vai alagar 4 hectares de uma reserva, criada por ele em terras da Uni\u00e3o, portanto, sem amparo legal.<\/p>\n<h2>Proposta ignorada<\/h2>\n<p>A Energia Sustent\u00e1vel, concession\u00e1ria de Jirau, prop\u00f4s investimentos de R$ 60 milh\u00f5es e doar 7 hectares de floresta para cada hectare inundado.<\/p>\n<h2>Chamado \u00e0s falas<\/h2>\n<p>Lula vai receber Ivo Cassol amanh\u00e3, com Dilma Roussef (Casa Civil) e Edison Lob\u00e3o (Minas e Energia), para dar um chega-pra-l\u00e1 nele.<\/p>\n","protected":false},"excerpt":{"rendered":"<p>Cassol emperra licen\u00e7a para Jirau\u00a0&#8211;\u00a0O Pal\u00e1cio do Planalto est\u00e1 pelas tampas com o governador de Rond\u00f4nia, Ivo Cassol, que foi cassado pelo TRE e atualmente espera no corredor da morte no Tribunal Superior Eleitoral. Ele est\u00e1 emperrando a libera\u00e7\u00e3o da licen\u00e7a do Ibama para constru\u00e7\u00e3o da hidrel\u00e9trica Jirau, investimento de R$ 9 bilh\u00f5es no Estado, [&hellip;]<\/p>\n","protected":false},"author":2,"featured_media":0,"comment_status":"open","ping_status":"open","sticky":false,"template":"","format":"standard","meta":{"tdm_status":"","tdm_grid_status":"","footnotes":""},"categories":[22],"tags":[],"class_list":{"0":"post-1258","1":"post","2":"type-post","3":"status-publish","4":"format-standard","6":"category-brasil"},"_links":{"self":[{"href":"https:\/\/migracao.redenoticia.com.br\/noticia\/wp-json\/wp\/v2\/posts\/1258","targetHints":{"allow":["GET"]}}],"collection":[{"href":"https:\/\/migracao.redenoticia.com.br\/noticia\/wp-json\/wp\/v2\/posts"}],"about":[{"href":"https:\/\/migracao.redenoticia.com.br\/noticia\/wp-json\/wp\/v2\/types\/post"}],"author":[{"embeddable":true,"href":"https:\/\/migracao.redenoticia.com.br\/noticia\/wp-json\/wp\/v2\/users\/2"}],"replies":[{"embeddable":true,"href":"https:\/\/migracao.redenoticia.com.br\/noticia\/wp-json\/wp\/v2\/comments?post=1258"}],"version-history":[{"count":0,"href":"https:\/\/migracao.redenoticia.com.br\/noticia\/wp-json\/wp\/v2\/posts\/1258\/revisions"}],"wp:attachment":[{"href":"https:\/\/migracao.redenoticia.com.br\/noticia\/wp-json\/wp\/v2\/media?parent=1258"}],"wp:term":[{"taxonomy":"category","embeddable":true,"href":"https:\/\/migracao.redenoticia.com.br\/noticia\/wp-json\/wp\/v2\/categories?post=1258"},{"taxonomy":"post_tag","embeddable":true,"href":"https:\/\/migracao.redenoticia.com.br\/noticia\/wp-json\/wp\/v2\/tags?post=1258"}],"curies":[{"name":"wp","href":"https:\/\/api.w.org\/{rel}","templated":true}]}}