{"id":125984,"date":"2017-11-16T16:19:10","date_gmt":"2017-11-16T18:19:10","guid":{"rendered":"https:\/\/www.redenoticia.com.br\/noticia\/?p=125984"},"modified":"2017-11-16T16:19:10","modified_gmt":"2017-11-16T18:19:10","slug":"resumo-novela-carinha-de-anjo-1711-nicole-volta-para-doce-horizonte","status":"publish","type":"post","link":"https:\/\/migracao.redenoticia.com.br\/noticia\/2017\/resumo-novela-carinha-de-anjo-1711-nicole-volta-para-doce-horizonte\/125984","title":{"rendered":"Resumo novela \u201cCarinha de Anjo\u201d 17\/11: Nicole volta para Doce Horizonte"},"content":{"rendered":"<p><img loading=\"lazy\" decoding=\"async\" class=\"alignleft size-thumbnail wp-image-99331\" src=\"https:\/\/migracao.redenoticia.com.br\/noticia\/imagens\/carinha_de_anjo_sbt_novela_resumo_capitulo-150x112.jpg\" alt=\"carinha_de_anjo_sbt_novela_resumo_capitulo\" width=\"150\" height=\"112\" srcset=\"https:\/\/migracao.redenoticia.com.br\/noticia\/imagens\/carinha_de_anjo_sbt_novela_resumo_capitulo-150x112.jpg 150w, https:\/\/migracao.redenoticia.com.br\/noticia\/imagens\/carinha_de_anjo_sbt_novela_resumo_capitulo-265x198.jpg 265w\" sizes=\"auto, (max-width: 150px) 100vw, 150px\" \/><strong><em>Resumo novela \u201cCarinha de Anjo\u201d 17\/11<\/em><\/strong>: no cap\u00edtulo 260(*) da novela \u201cCarinha de Anjo\u201d, resumo de sexta-feira, 17 de novembro, Fabiana e Didi sorteiam qual das meninas ir\u00e1 entregar flores e um cart\u00e3o de feliz anivers\u00e1rio para a Madre Superiora. Dulce Maria \u00e9 a sorteada para representar as amigas. Ver\u00f4nica vai at\u00e9 a casa de Gustavo e diz que apareceu de surpresa para os dois namorarem um pouco. O empres\u00e1rio explica que est\u00e1 cansado e que o Padre Gabriel est\u00e1 a caminho para os dois conversarem. Ver\u00f4nica beija Gustavo que fica encantado, pois lembra do beijo de Cec\u00edlia. Mais tarde, Gustavo diz para o Padre Gabriel que descobriu que Cec\u00edlia terminou com ele por conta de Andr\u00e9. O religioso diz que o irm\u00e3o est\u00e1 dizendo besteiras, pois Cec\u00edlia \u00e9 solteira, jamais trairia ningu\u00e9m e que o empres\u00e1rio est\u00e1 saindo com Ver\u00f4nica mesmo sem am\u00e1-la ao inv\u00e9s de ficar solteiro ou lutar pelo amor de Cec\u00edlia. Finalmente Nicole volta para Doce Horizonte e vai at\u00e9 a casa da m\u00e3e aonde pergunta se ela virou faxineira da pr\u00f3pria casa. Nicole diz que ningu\u00e9m ir\u00e1 impedir seu plano de vingan\u00e7a. Enquanto isso, no col\u00e9gio, as irm\u00e3s terminam de arrumar a festa surpresa no p\u00e1tio. Frida altera o cart\u00e3o de anivers\u00e1rio da Madre escrito por Dulce Maria. Haydee conta para Nicole que Fl\u00e1vio est\u00e1 trabalhando na Rey Caf\u00e9. A megera diz que a \u00fanica que ela ir\u00e1 poupar ser\u00e1 Haydee. As meninas cantam e desejam parab\u00e9ns para a Madre Superiora, que fica emocionada com a surpresa. Dulce Maria l\u00ea a carta para a Madre que afirma que a religiosa est\u00e1 completando 500 anos. A Madre desmaia.<\/p>\n<p>(*) edi\u00e7\u00e3o do SBT, Novela \u201cCarinha de Anjo\u201d, sujeito a altera\u00e7\u00e3o de data e conte\u00fado.<\/p>\n<p>Carinha de Anjo \u00e9 uma telenovela brasileira produzida e exibida originalmente pelo SBT desde o dia 21 de novembro de 2016, substituindo o hor\u00e1rio anteriormente ocupado por C\u00famplices de um Resgate. A telenovela \u00e9 inspirada na mexicana Carita de \u00e1ngel, que, por sua vez, \u00e9 um remake de Mundo de juguete, ambas produzidas pela Televisa e que haviam sido baseadas na trama argentina escrita por Abel Santa Cruz, Pap\u00e1 coraz\u00f3n. Esta ser\u00e1 a segunda adapta\u00e7\u00e3o brasileira da obra original argentina, visto que a Rede Tupi apresentou em 1976 a sua primeira vers\u00e3o, chamada de Papai Cora\u00e7\u00e3o. A nova vers\u00e3o \u00e9 escrita por Leonor Corr\u00eaa, com supervis\u00e3o de \u00cdris Abravanel e dire\u00e7\u00e3o geral de Ricardo Mantoanelli. A trama conta com Lorena Queiroz, Bia Arantes, Carlo Porto, Priscila Sol, Dani Gondim, Karin Hils, Eliana Guttman e Lucero nos pap\u00e9is principais.<\/p>\n","protected":false},"excerpt":{"rendered":"<p>Resumo novela \u201cCarinha de Anjo\u201d 17\/11: no cap\u00edtulo 260(*) da novela \u201cCarinha de Anjo\u201d, resumo de sexta-feira, 17 de novembro, Fabiana e Didi sorteiam qual das meninas ir\u00e1 entregar flores e um cart\u00e3o de feliz anivers\u00e1rio para a Madre Superiora. Dulce Maria \u00e9 a sorteada para representar as amigas. Ver\u00f4nica vai at\u00e9 a casa de [&hellip;]<\/p>\n","protected":false},"author":4,"featured_media":99331,"comment_status":"open","ping_status":"closed","sticky":false,"template":"","format":"standard","meta":{"tdm_status":"","tdm_grid_status":"","footnotes":""},"categories":[452,379,372,343],"tags":[441],"class_list":{"0":"post-125984","1":"post","2":"type-post","3":"status-publish","4":"format-standard","5":"has-post-thumbnail","7":"category-carinha-de-anjo","8":"category-novelas","9":"category-sbt","10":"category-televisao","11":"tag-resumo-do-dia"},"_links":{"self":[{"href":"https:\/\/migracao.redenoticia.com.br\/noticia\/wp-json\/wp\/v2\/posts\/125984","targetHints":{"allow":["GET"]}}],"collection":[{"href":"https:\/\/migracao.redenoticia.com.br\/noticia\/wp-json\/wp\/v2\/posts"}],"about":[{"href":"https:\/\/migracao.redenoticia.com.br\/noticia\/wp-json\/wp\/v2\/types\/post"}],"author":[{"embeddable":true,"href":"https:\/\/migracao.redenoticia.com.br\/noticia\/wp-json\/wp\/v2\/users\/4"}],"replies":[{"embeddable":true,"href":"https:\/\/migracao.redenoticia.com.br\/noticia\/wp-json\/wp\/v2\/comments?post=125984"}],"version-history":[{"count":0,"href":"https:\/\/migracao.redenoticia.com.br\/noticia\/wp-json\/wp\/v2\/posts\/125984\/revisions"}],"wp:featuredmedia":[{"embeddable":true,"href":"https:\/\/migracao.redenoticia.com.br\/noticia\/wp-json\/wp\/v2\/media\/99331"}],"wp:attachment":[{"href":"https:\/\/migracao.redenoticia.com.br\/noticia\/wp-json\/wp\/v2\/media?parent=125984"}],"wp:term":[{"taxonomy":"category","embeddable":true,"href":"https:\/\/migracao.redenoticia.com.br\/noticia\/wp-json\/wp\/v2\/categories?post=125984"},{"taxonomy":"post_tag","embeddable":true,"href":"https:\/\/migracao.redenoticia.com.br\/noticia\/wp-json\/wp\/v2\/tags?post=125984"}],"curies":[{"name":"wp","href":"https:\/\/api.w.org\/{rel}","templated":true}]}}