{"id":125987,"date":"2017-11-16T16:20:37","date_gmt":"2017-11-16T18:20:37","guid":{"rendered":"https:\/\/www.redenoticia.com.br\/noticia\/?p=125987"},"modified":"2017-11-16T16:20:37","modified_gmt":"2017-11-16T18:20:37","slug":"resumo-novela-chiquititas-1711-jp-tenta-beijar-mili","status":"publish","type":"post","link":"https:\/\/migracao.redenoticia.com.br\/noticia\/2017\/resumo-novela-chiquititas-1711-jp-tenta-beijar-mili\/125987","title":{"rendered":"Resumo novela \u201cChiquititas\u201d 17\/11: JP tenta beijar Mili"},"content":{"rendered":"<p><img loading=\"lazy\" decoding=\"async\" class=\"alignleft size-thumbnail wp-image-49690\" src=\"https:\/\/migracao.redenoticia.com.br\/noticia\/imagens\/chiquititas1-150x112.jpg\" alt=\"chiquititas\" width=\"150\" height=\"112\" \/><strong><em>Resumo novela \u201cChiquititas\u201d 17\/11<\/em><\/strong>: no cap\u00edtulo 309(*) da novela \u201cChiquititas\u201d, resumo de sexta-feira, 17 de novembro, Vivi diz para Cris que sente falta da amizade de Samuca. Cris explica que a menina come\u00e7ou a evit\u00e1-lo e por isso Samuca decidiu se afastar. Vivi diz ser uma pena que ele n\u00e3o goste dela apenas como amiga. Cris acha que Vivi gosta de Samuca. Na rua, Pa\u00e7oca (Rafael Miguel) dividi metade do dinheiro que roubou com Marian. Miguel v\u00ea de longe Marian, que pensa ser sua filha. Miguel tenta falar com ela, mas a garota foge. Mili diz para JP que viu a mat\u00e9ria na revista sobre o falso namoro e que n\u00e3o quer mais nada. JP tenta beijar Mili, que n\u00e3o deixa e fica irritada. Mili diz que n\u00e3o far\u00e1 mais parte dessa mentira. Um paparazzo registra a cena e as imagens v\u00e3o parar na televis\u00e3o, num programa de celebridades. Ao ver a mat\u00e9ria, Mili fica inconformada com as falsas informa\u00e7\u00f5es que dizem que ela exagerava no ci\u00fame e chegou a agredir JP, que optou por terminar o namoro. No por\u00e3o do orfanato, Sim\u00e3o diz para Miguel que acredita que Marian n\u00e3o \u00e9 filha do mascarado com Gabriela. Mili tenta falar com JP, mas a m\u00e3e do m\u00fasico n\u00e3o deixa. Gabriela, que est\u00e1 sem mem\u00f3ria, sonha com Miguel, mas n\u00e3o se lembra de quem ele \u00e9. Marian e Pa\u00e7oca se desentendem e a menina foge. Chico e Carol estudam receitas mais saud\u00e1veis para as crian\u00e7as. Chico descobre a Sucralose, uma op\u00e7\u00e3o para substituir o a\u00e7\u00facar nas refei\u00e7\u00f5es de Teca (que est\u00e1 com Diabetes tipo 1) e Rafa. Na escola, as f\u00e3s de JP implicam com Mili.<\/p>\n<p>(*) edi\u00e7\u00e3o do SBT, Novela \u201cChiquititas\u201d, sujeito a altera\u00e7\u00e3o de data e conte\u00fado.<\/p>\n<p>Chiquititas gira em torno do orfanato Raio de Luz, que carrega em sua hist\u00f3ria um grande segredo envolvendo a fam\u00edlia e o dono do orfanato, Dr. Jos\u00e9 Ricardo Almeida Campos. Em um per\u00edodo anterior \u00e0 novela, exatos treze anos, sua filha Gabriela se apaixonou e ficou gr\u00e1vida de Miguel, filho de Valentina, empregada da casa dos Almeida Campos. Pouco depois, Jos\u00e9 Ricardo sequestrou sua neta, pois, como um homem conservador, ele n\u00e3o aceitava a ideia de que sua filha se envolvesse com um empregado. Como sua neta, Milena, apelidada como Mili, precisava de um lugar para morar, ele comprou um casar\u00e3o e fundou um orfanato, o Raio de Luz. Mili cresceu l\u00e1 com outras garotas que chegaram posteriormente: Bia, Ana, as irm\u00e3s Tati e Vivi, e Cris. Ao decorrer dos anos, elas se tornam uma fam\u00edlia. Elas s\u00e3o supervisionadas por Ernestina, zeladora do orfanato, e Chico, o cozinheiro amado pelas internas. Sofia, ex-governanta da fam\u00edlia Almeida Campos, \u00e9 a diretora do lugar, at\u00e9 que Carmem, irm\u00e3 de Jos\u00e9 Ricardo, entre em seu lugar. Chegam ainda mais \u00f3rf\u00e3os: Pata, Mosca, Binho e Rafa, que viviam nas ruas antes de entrarem na institui\u00e7\u00e3o. Pata e Mili tornam-se amigas rapidamente, enquanto Mosca, Binho e Rafa s\u00e3o os primeiros garotos a entrar no abrigo. As crian\u00e7as sem-teto foram ajudadas por uma doce e bela garota que tocam e mudam a vida delas, assim como as das garotas \u00f3rf\u00e3s.<\/p>\n","protected":false},"excerpt":{"rendered":"<p>Resumo novela \u201cChiquititas\u201d 17\/11: no cap\u00edtulo 309(*) da novela \u201cChiquititas\u201d, resumo de sexta-feira, 17 de novembro, Vivi diz para Cris que sente falta da amizade de Samuca. Cris explica que a menina come\u00e7ou a evit\u00e1-lo e por isso Samuca decidiu se afastar. Vivi diz ser uma pena que ele n\u00e3o goste dela apenas como amiga. [&hellip;]<\/p>\n","protected":false},"author":4,"featured_media":49690,"comment_status":"open","ping_status":"closed","sticky":false,"template":"","format":"standard","meta":{"tdm_status":"","tdm_grid_status":"","footnotes":""},"categories":[409,379,372,343],"tags":[441],"class_list":{"0":"post-125987","1":"post","2":"type-post","3":"status-publish","4":"format-standard","5":"has-post-thumbnail","7":"category-chiquititas","8":"category-novelas","9":"category-sbt","10":"category-televisao","11":"tag-resumo-do-dia"},"_links":{"self":[{"href":"https:\/\/migracao.redenoticia.com.br\/noticia\/wp-json\/wp\/v2\/posts\/125987","targetHints":{"allow":["GET"]}}],"collection":[{"href":"https:\/\/migracao.redenoticia.com.br\/noticia\/wp-json\/wp\/v2\/posts"}],"about":[{"href":"https:\/\/migracao.redenoticia.com.br\/noticia\/wp-json\/wp\/v2\/types\/post"}],"author":[{"embeddable":true,"href":"https:\/\/migracao.redenoticia.com.br\/noticia\/wp-json\/wp\/v2\/users\/4"}],"replies":[{"embeddable":true,"href":"https:\/\/migracao.redenoticia.com.br\/noticia\/wp-json\/wp\/v2\/comments?post=125987"}],"version-history":[{"count":0,"href":"https:\/\/migracao.redenoticia.com.br\/noticia\/wp-json\/wp\/v2\/posts\/125987\/revisions"}],"wp:featuredmedia":[{"embeddable":true,"href":"https:\/\/migracao.redenoticia.com.br\/noticia\/wp-json\/wp\/v2\/media\/49690"}],"wp:attachment":[{"href":"https:\/\/migracao.redenoticia.com.br\/noticia\/wp-json\/wp\/v2\/media?parent=125987"}],"wp:term":[{"taxonomy":"category","embeddable":true,"href":"https:\/\/migracao.redenoticia.com.br\/noticia\/wp-json\/wp\/v2\/categories?post=125987"},{"taxonomy":"post_tag","embeddable":true,"href":"https:\/\/migracao.redenoticia.com.br\/noticia\/wp-json\/wp\/v2\/tags?post=125987"}],"curies":[{"name":"wp","href":"https:\/\/api.w.org\/{rel}","templated":true}]}}