{"id":126088,"date":"2017-11-20T22:18:39","date_gmt":"2017-11-21T00:18:39","guid":{"rendered":"https:\/\/www.redenoticia.com.br\/noticia\/?p=126088"},"modified":"2017-11-20T22:22:45","modified_gmt":"2017-11-21T00:22:45","slug":"fsp-usp-abre-inscricoes-para-o-programa-de-aprimoramento-profissional","status":"publish","type":"post","link":"https:\/\/migracao.redenoticia.com.br\/noticia\/2017\/fsp-usp-abre-inscricoes-para-o-programa-de-aprimoramento-profissional\/126088","title":{"rendered":"FSP-USP abre inscri\u00e7\u00f5es para o Programa de Aprimoramento Profissional"},"content":{"rendered":"<p> Ag\u00eancia FAPESP\u00a0\u2013 A Faculdade de Sa\u00fade P\u00fablica da USP est\u00e1 com inscri\u00e7\u00f5es abertas at\u00e9 21 de novembro de 2017 para o processo seletivo do <strong><em>Programa de Aprimoramento Profissional na \u00c1rea da Sa\u00fade<\/em><\/strong>, que ser\u00e1 oferecido em 2018. Os cursos oferecidos ser\u00e3o: Direito Sanit\u00e1rio e Advocacia em Sa\u00fade, Entomologia M\u00e9dica e Soroepidemiologia, Psicologia em Unidade B\u00e1sica de Sa\u00fade, Nutri\u00e7\u00e3o em Sa\u00fade P\u00fablica, Nutri\u00e7\u00e3o Cl\u00ednica e Laborat\u00f3rio de Sa\u00fade P\u00fablica.<\/p>\n<p>Os cursos t\u00eam dura\u00e7\u00e3o de um ano, com carga hor\u00e1ria de 1.760 horas, correspondendo a 40 horas semanais. Ser\u00e1 oferecida bolsa de estudos, mensal, no valor de R$ 1.044,70.<\/p>\n<p>O processo seletivo consistir\u00e1 de duas fases. Na primeira, o candidato prestar\u00e1 uma prova escrita no dia 23 de novembro, das 9 \u00e0s 12 horas, na FSP (av. Dr. Arnaldo, 715, Cerqueira C\u00e9sar, S\u00e3o Paulo, perto da esta\u00e7\u00e3o de Metr\u00f4 Cl\u00ednicas). Na segunda fase, haver\u00e1 entrevista e an\u00e1lise do curriculum vitae, nos dias 14 e 15 de dezembro.<\/p>\n<p>Para se inscrever, os interessados dever\u00e3o preencher\u00a0\u00a0e entreg\u00e1-la no Servi\u00e7o de Aprimoramento da FSP.<\/p>\n<p>Mais informa\u00e7\u00f5es sobre as inscri\u00e7\u00f5es, o programa e o processo seletivo pelo edital, dispon\u00edvel em.<\/p>\n","protected":false},"excerpt":{"rendered":"<p>Ag\u00eancia FAPESP\u00a0\u2013 A Faculdade de Sa\u00fade P\u00fablica da USP est\u00e1 com inscri\u00e7\u00f5es abertas at\u00e9 21 de novembro de 2017 para o processo seletivo do Programa de Aprimoramento Profissional na \u00c1rea da Sa\u00fade, que ser\u00e1 oferecido em 2018. Os cursos oferecidos ser\u00e3o: Direito Sanit\u00e1rio e Advocacia em Sa\u00fade, Entomologia M\u00e9dica e Soroepidemiologia, Psicologia em Unidade B\u00e1sica [&hellip;]<\/p>\n","protected":false},"author":2,"featured_media":36248,"comment_status":"open","ping_status":"closed","sticky":false,"template":"","format":"standard","meta":{"tdm_status":"","tdm_grid_status":"","footnotes":""},"categories":[22,351,370],"tags":[],"class_list":{"0":"post-126088","1":"post","2":"type-post","3":"status-publish","4":"format-standard","5":"has-post-thumbnail","7":"category-brasil","8":"category-cursos","9":"category-inscricao"},"_links":{"self":[{"href":"https:\/\/migracao.redenoticia.com.br\/noticia\/wp-json\/wp\/v2\/posts\/126088","targetHints":{"allow":["GET"]}}],"collection":[{"href":"https:\/\/migracao.redenoticia.com.br\/noticia\/wp-json\/wp\/v2\/posts"}],"about":[{"href":"https:\/\/migracao.redenoticia.com.br\/noticia\/wp-json\/wp\/v2\/types\/post"}],"author":[{"embeddable":true,"href":"https:\/\/migracao.redenoticia.com.br\/noticia\/wp-json\/wp\/v2\/users\/2"}],"replies":[{"embeddable":true,"href":"https:\/\/migracao.redenoticia.com.br\/noticia\/wp-json\/wp\/v2\/comments?post=126088"}],"version-history":[{"count":0,"href":"https:\/\/migracao.redenoticia.com.br\/noticia\/wp-json\/wp\/v2\/posts\/126088\/revisions"}],"wp:featuredmedia":[{"embeddable":true,"href":"https:\/\/migracao.redenoticia.com.br\/noticia\/wp-json\/wp\/v2\/media\/36248"}],"wp:attachment":[{"href":"https:\/\/migracao.redenoticia.com.br\/noticia\/wp-json\/wp\/v2\/media?parent=126088"}],"wp:term":[{"taxonomy":"category","embeddable":true,"href":"https:\/\/migracao.redenoticia.com.br\/noticia\/wp-json\/wp\/v2\/categories?post=126088"},{"taxonomy":"post_tag","embeddable":true,"href":"https:\/\/migracao.redenoticia.com.br\/noticia\/wp-json\/wp\/v2\/tags?post=126088"}],"curies":[{"name":"wp","href":"https:\/\/api.w.org\/{rel}","templated":true}]}}