{"id":126126,"date":"2017-11-18T17:02:07","date_gmt":"2017-11-18T19:02:07","guid":{"rendered":"https:\/\/www.redenoticia.com.br\/noticia\/?p=126126"},"modified":"2017-11-17T17:02:54","modified_gmt":"2017-11-17T19:02:54","slug":"resumo-novela-chiquititas-2011-mili-sofre-com-cyberbullying","status":"publish","type":"post","link":"https:\/\/migracao.redenoticia.com.br\/noticia\/2017\/resumo-novela-chiquititas-2011-mili-sofre-com-cyberbullying\/126126","title":{"rendered":"Resumo novela \u201cChiquititas\u201d 20\/11: Mili sofre com cyberbullying"},"content":{"rendered":"<p><img loading=\"lazy\" decoding=\"async\" class=\"alignleft size-thumbnail wp-image-49690\" src=\"https:\/\/migracao.redenoticia.com.br\/noticia\/imagens\/chiquititas1-150x112.jpg\" alt=\"chiquititas\" width=\"150\" height=\"112\" \/><strong><em>Resumo novela \u201cChiquititas\u201d 20\/11<\/em><\/strong>: no cap\u00edtulo 310(*) da novela \u201cChiquititas\u201d, resumo de segunda-feira, 20 de novembro, Fernando tenta reconquistar Carol, que diz para o m\u00e9dico que j\u00e1 o perdoou, mas que n\u00e3o haver\u00e1 retorno na rela\u00e7\u00e3o amorosa deles. Janj\u00e3o, Andr\u00e9 e Tatu provocam novamente F\u00e1bio na escola. Os meninos do orfanato aparecem e ajudam o pequeno, de fam\u00edlia Chinesa. No Caf\u00e9 Boutique, os funcion\u00e1rios est\u00e3o preocupados em ser mandados embora devido a crise. \u2018JPzetes\u2019, f\u00e3s do cantor, v\u00e3o ao orfanato e tentam agredir Mili devido a falsa not\u00edcia de que a chiquitita teria agredido o cantor teen, quando na verdade ela apenas o empurrou quando ele tentou beij\u00e1-la a for\u00e7a. A foto de Mili empurrando JP vira \u201cmeme\u201d na internet e ganha montagens com ela empurrando as mais variadas coisas com a hashtag \u201c#\u00d3rf\u00e3Surtada\u201d. As meninas dizem para Carol que o cyberbullying est\u00e1 passando dos limites. Carol diz que a situa\u00e7\u00e3o \u00e9 s\u00e9ria e que n\u00e3o pode ficar assim. Dani faz birra e Bruno diz que n\u00e3o aceitar\u00e1 esse tipo de comportamento da filha. Carol vai conversar com os pais de JP. Mais tarde, na TV, um v\u00eddeo do JP desmentindo as falsas not\u00edcias deixa Mili feliz e aliviada. Cris precisa escrever mat\u00e9ria sobre namoro e para isso precisa de um namorado. A chiquitita explica a situa\u00e7\u00e3o para Samuca e diz que ele pode ajud\u00e1-la namorando com ela. Dani mexe no celular enquanto Bruno conversa com a pequena. Irritado com o comportamento, Bruno pega o celular da filha e diz que s\u00f3 ir\u00e1 devolver quando ela se comportar direito. Marian volta ao orfanato e chega fingindo um desmaio.<\/p>\n<p>(*) edi\u00e7\u00e3o do SBT, Novela \u201cChiquititas\u201d, sujeito a altera\u00e7\u00e3o de data e conte\u00fado.<\/p>\n<p>Chiquititas gira em torno do orfanato Raio de Luz, que carrega em sua hist\u00f3ria um grande segredo envolvendo a fam\u00edlia e o dono do orfanato, Dr. Jos\u00e9 Ricardo Almeida Campos. Em um per\u00edodo anterior \u00e0 novela, exatos treze anos, sua filha Gabriela se apaixonou e ficou gr\u00e1vida de Miguel, filho de Valentina, empregada da casa dos Almeida Campos. Pouco depois, Jos\u00e9 Ricardo sequestrou sua neta, pois, como um homem conservador, ele n\u00e3o aceitava a ideia de que sua filha se envolvesse com um empregado. Como sua neta, Milena, apelidada como Mili, precisava de um lugar para morar, ele comprou um casar\u00e3o e fundou um orfanato, o Raio de Luz. Mili cresceu l\u00e1 com outras garotas que chegaram posteriormente: Bia, Ana, as irm\u00e3s Tati e Vivi, e Cris. Ao decorrer dos anos, elas se tornam uma fam\u00edlia. Elas s\u00e3o supervisionadas por Ernestina, zeladora do orfanato, e Chico, o cozinheiro amado pelas internas. Sofia, ex-governanta da fam\u00edlia Almeida Campos, \u00e9 a diretora do lugar, at\u00e9 que Carmem, irm\u00e3 de Jos\u00e9 Ricardo, entre em seu lugar. Chegam ainda mais \u00f3rf\u00e3os: Pata, Mosca, Binho e Rafa, que viviam nas ruas antes de entrarem na institui\u00e7\u00e3o. Pata e Mili tornam-se amigas rapidamente, enquanto Mosca, Binho e Rafa s\u00e3o os primeiros garotos a entrar no abrigo. As crian\u00e7as sem-teto foram ajudadas por uma doce e bela garota que tocam e mudam a vida delas, assim como as das garotas \u00f3rf\u00e3s.<\/p>\n","protected":false},"excerpt":{"rendered":"<p>Resumo novela \u201cChiquititas\u201d 20\/11: no cap\u00edtulo 310(*) da novela \u201cChiquititas\u201d, resumo de segunda-feira, 20 de novembro, Fernando tenta reconquistar Carol, que diz para o m\u00e9dico que j\u00e1 o perdoou, mas que n\u00e3o haver\u00e1 retorno na rela\u00e7\u00e3o amorosa deles. Janj\u00e3o, Andr\u00e9 e Tatu provocam novamente F\u00e1bio na escola. Os meninos do orfanato aparecem e ajudam o [&hellip;]<\/p>\n","protected":false},"author":4,"featured_media":49690,"comment_status":"open","ping_status":"closed","sticky":false,"template":"","format":"standard","meta":{"tdm_status":"","tdm_grid_status":"","footnotes":""},"categories":[409,379,372,343],"tags":[441],"class_list":{"0":"post-126126","1":"post","2":"type-post","3":"status-publish","4":"format-standard","5":"has-post-thumbnail","7":"category-chiquititas","8":"category-novelas","9":"category-sbt","10":"category-televisao","11":"tag-resumo-do-dia"},"_links":{"self":[{"href":"https:\/\/migracao.redenoticia.com.br\/noticia\/wp-json\/wp\/v2\/posts\/126126","targetHints":{"allow":["GET"]}}],"collection":[{"href":"https:\/\/migracao.redenoticia.com.br\/noticia\/wp-json\/wp\/v2\/posts"}],"about":[{"href":"https:\/\/migracao.redenoticia.com.br\/noticia\/wp-json\/wp\/v2\/types\/post"}],"author":[{"embeddable":true,"href":"https:\/\/migracao.redenoticia.com.br\/noticia\/wp-json\/wp\/v2\/users\/4"}],"replies":[{"embeddable":true,"href":"https:\/\/migracao.redenoticia.com.br\/noticia\/wp-json\/wp\/v2\/comments?post=126126"}],"version-history":[{"count":0,"href":"https:\/\/migracao.redenoticia.com.br\/noticia\/wp-json\/wp\/v2\/posts\/126126\/revisions"}],"wp:featuredmedia":[{"embeddable":true,"href":"https:\/\/migracao.redenoticia.com.br\/noticia\/wp-json\/wp\/v2\/media\/49690"}],"wp:attachment":[{"href":"https:\/\/migracao.redenoticia.com.br\/noticia\/wp-json\/wp\/v2\/media?parent=126126"}],"wp:term":[{"taxonomy":"category","embeddable":true,"href":"https:\/\/migracao.redenoticia.com.br\/noticia\/wp-json\/wp\/v2\/categories?post=126126"},{"taxonomy":"post_tag","embeddable":true,"href":"https:\/\/migracao.redenoticia.com.br\/noticia\/wp-json\/wp\/v2\/tags?post=126126"}],"curies":[{"name":"wp","href":"https:\/\/api.w.org\/{rel}","templated":true}]}}