{"id":126243,"date":"2017-11-20T15:02:40","date_gmt":"2017-11-20T17:02:40","guid":{"rendered":"https:\/\/www.redenoticia.com.br\/noticia\/?p=126243"},"modified":"2017-11-20T15:44:00","modified_gmt":"2017-11-20T17:44:00","slug":"resumo-novela-carinha-de-anjo-2111-gustavo-diz-para-veronica-que-o-namoro-e-um-erro","status":"publish","type":"post","link":"https:\/\/migracao.redenoticia.com.br\/noticia\/2017\/resumo-novela-carinha-de-anjo-2111-gustavo-diz-para-veronica-que-o-namoro-e-um-erro\/126243","title":{"rendered":"Resumo novela \u201cCarinha de Anjo\u201d 21\/11: Gustavo diz para Ver\u00f4nica que o namoro \u00e9 um erro"},"content":{"rendered":"<p><img loading=\"lazy\" decoding=\"async\" class=\"alignleft size-thumbnail wp-image-99331\" src=\"https:\/\/migracao.redenoticia.com.br\/noticia\/imagens\/carinha_de_anjo_sbt_novela_resumo_capitulo-150x112.jpg\" alt=\"carinha_de_anjo_sbt_novela_resumo_capitulo\" width=\"150\" height=\"112\" srcset=\"https:\/\/migracao.redenoticia.com.br\/noticia\/imagens\/carinha_de_anjo_sbt_novela_resumo_capitulo-150x112.jpg 150w, https:\/\/migracao.redenoticia.com.br\/noticia\/imagens\/carinha_de_anjo_sbt_novela_resumo_capitulo-265x198.jpg 265w\" sizes=\"auto, (max-width: 150px) 100vw, 150px\" \/><strong><em>Resumo novela \u201cCarinha de Anjo\u201d 21\/11<\/em><\/strong>: no cap\u00edtulo 262(*) da novela \u201cCarinha de Anjo\u201d, resumo de ter\u00e7a-feira, 21 de novembro, B\u00e1rbara e Frida acordam e contam para Dulce Maria que foram elas que escreveram o bilhete. As duas pedem para que Dulce guarde segredo e n\u00e3o conte nada para a Madre Superiora. Fl\u00e1vio conta para Silvana que Nicole est\u00e1 de volta. Doutor Andr\u00e9 vai at\u00e9 a casa de Cec\u00edlia, diz que n\u00e3o aguenta mais guardar esse sentimento, declara sua paix\u00e3o e diz: \u201cEu te amo\u201d. Cec\u00edlia diz que n\u00e3o quer se relacionar com o Gustavo, nem com ele e nem com ningu\u00e9m. A ex-novi\u00e7a afirma que o v\u00ea apenas como amigo. <\/p>\n<p>Andr\u00e9 diz que n\u00e3o pode ficar mais do lado dela nessas condi\u00e7\u00f5es, escondendo o que sente e pede uma chance. Cec\u00edlia diz que n\u00e3o e o m\u00e9dico afirma que ir\u00e1 esperar o tempo que for preciso. Enquanto isso, na Rey Caf\u00e9, Gustavo diz para Ver\u00f4nica que o namoro dos dois \u00e9 um grande erro e ele est\u00e1 enganando a secret\u00e1ria, pois os dois foram sempre bons amigos e assim que deveriam continuar. Ver\u00f4nica insiste e diz que vai fazer ele esquecer a Cec\u00edlia. Gustavo fica sem palavras e a secret\u00e1ria consegue reverter a decis\u00e3o do namorado. Padre Gabriel e Estef\u00e2nia divergem sobre o futuro de Gustavo e com quem ele deve ficar. <\/p>\n<p>Nicole contrata um detetive particular para averiguar a vida de todos os funcion\u00e1rios com objetivo de acabar com a Rey Caf\u00e9 na primeira oportunidade. Nicole diz ainda que possui interesse que tudo comece com Fl\u00e1vio. Os pais de Frida revelam que est\u00e3o com um grave problema financeiro e Luciano fica sem rea\u00e7\u00e3o. Cec\u00edlia revela para Dulce Maria que Gustavo \u00e9 o \u00fanico homem que ela ficou. A carinha de anjo conta que Gustavo fica triste todos os dias e que ele n\u00e3o ama Ver\u00f4nica. Rosana faz com que Juju e Zeca conversem sozinhos ap\u00f3s muito tempo. Zeca revela que descobriram que Miguel canta bem. Juju conta tamb\u00e9m que Luciano lhe enganou a respeito sobre muitas coisas. A vlogueira pergunta se Zeca aceita que os dois voltem a serem amigos.<\/p>\n<p>(*) edi\u00e7\u00e3o do SBT, Novela \u201cCarinha de Anjo\u201d, sujeito a altera\u00e7\u00e3o de data e conte\u00fado.<\/p>\n<p>Carinha de Anjo \u00e9 uma telenovela brasileira produzida e exibida originalmente pelo SBT desde o dia 21 de novembro de 2016, substituindo o hor\u00e1rio anteriormente ocupado por C\u00famplices de um Resgate. A telenovela \u00e9 inspirada na mexicana Carita de \u00e1ngel, que, por sua vez, \u00e9 um remake de Mundo de juguete, ambas produzidas pela Televisa e que haviam sido baseadas na trama argentina escrita por Abel Santa Cruz, Pap\u00e1 coraz\u00f3n. Esta ser\u00e1 a segunda adapta\u00e7\u00e3o brasileira da obra original argentina, visto que a Rede Tupi apresentou em 1976 a sua primeira vers\u00e3o, chamada de Papai Cora\u00e7\u00e3o. A nova vers\u00e3o \u00e9 escrita por Leonor Corr\u00eaa, com supervis\u00e3o de \u00cdris Abravanel e dire\u00e7\u00e3o geral de Ricardo Mantoanelli. A trama conta com Lorena Queiroz, Bia Arantes, Carlo Porto, Priscila Sol, Dani Gondim, Karin Hils, Eliana Guttman e Lucero nos pap\u00e9is principais.<\/p>\n","protected":false},"excerpt":{"rendered":"<p>Resumo novela \u201cCarinha de Anjo\u201d 21\/11: no cap\u00edtulo 262(*) da novela \u201cCarinha de Anjo\u201d, resumo de ter\u00e7a-feira, 21 de novembro, B\u00e1rbara e Frida acordam e contam para Dulce Maria que foram elas que escreveram o bilhete. As duas pedem para que Dulce guarde segredo e n\u00e3o conte nada para a Madre Superiora. Fl\u00e1vio conta para [&hellip;]<\/p>\n","protected":false},"author":4,"featured_media":99331,"comment_status":"open","ping_status":"closed","sticky":false,"template":"","format":"standard","meta":{"tdm_status":"","tdm_grid_status":"","footnotes":""},"categories":[452,379,372,343],"tags":[441],"class_list":{"0":"post-126243","1":"post","2":"type-post","3":"status-publish","4":"format-standard","5":"has-post-thumbnail","7":"category-carinha-de-anjo","8":"category-novelas","9":"category-sbt","10":"category-televisao","11":"tag-resumo-do-dia"},"_links":{"self":[{"href":"https:\/\/migracao.redenoticia.com.br\/noticia\/wp-json\/wp\/v2\/posts\/126243","targetHints":{"allow":["GET"]}}],"collection":[{"href":"https:\/\/migracao.redenoticia.com.br\/noticia\/wp-json\/wp\/v2\/posts"}],"about":[{"href":"https:\/\/migracao.redenoticia.com.br\/noticia\/wp-json\/wp\/v2\/types\/post"}],"author":[{"embeddable":true,"href":"https:\/\/migracao.redenoticia.com.br\/noticia\/wp-json\/wp\/v2\/users\/4"}],"replies":[{"embeddable":true,"href":"https:\/\/migracao.redenoticia.com.br\/noticia\/wp-json\/wp\/v2\/comments?post=126243"}],"version-history":[{"count":0,"href":"https:\/\/migracao.redenoticia.com.br\/noticia\/wp-json\/wp\/v2\/posts\/126243\/revisions"}],"wp:featuredmedia":[{"embeddable":true,"href":"https:\/\/migracao.redenoticia.com.br\/noticia\/wp-json\/wp\/v2\/media\/99331"}],"wp:attachment":[{"href":"https:\/\/migracao.redenoticia.com.br\/noticia\/wp-json\/wp\/v2\/media?parent=126243"}],"wp:term":[{"taxonomy":"category","embeddable":true,"href":"https:\/\/migracao.redenoticia.com.br\/noticia\/wp-json\/wp\/v2\/categories?post=126243"},{"taxonomy":"post_tag","embeddable":true,"href":"https:\/\/migracao.redenoticia.com.br\/noticia\/wp-json\/wp\/v2\/tags?post=126243"}],"curies":[{"name":"wp","href":"https:\/\/api.w.org\/{rel}","templated":true}]}}