{"id":126433,"date":"2017-11-21T23:00:27","date_gmt":"2017-11-22T01:00:27","guid":{"rendered":"https:\/\/www.redenoticia.com.br\/noticia\/?p=126433"},"modified":"2017-11-21T23:00:27","modified_gmt":"2017-11-22T01:00:27","slug":"horizonte-2020-tem-serie-de-cursos-on-line","status":"publish","type":"post","link":"https:\/\/migracao.redenoticia.com.br\/noticia\/2017\/horizonte-2020-tem-serie-de-cursos-on-line\/126433","title":{"rendered":"Horizonte 2020 tem s\u00e9rie de cursos on-line"},"content":{"rendered":"<p> Ag\u00eancia FAPESP\u00a0\u2013 Ter\u00e1 in\u00edcio no dia 21 de novembro uma s\u00e9rie de <strong><em>cursos on-line<\/em><\/strong> sobre o Programa de Pesquisa e Inova\u00e7\u00e3o da Uni\u00e3o Europeia Horizonte 2020. O material \u00e9 desenvolvido pelo projeto Incobra (Increasing International STI Cooperation between Brazil and The European Union), do qual o Conselho Nacional das Funda\u00e7\u00f5es Estaduais de Amparo \u00e0 Pesquisa (Confap), no conjunto de suas Funda\u00e7\u00f5es \u2013 entre as quais a FAPESP \u2013 faz parte.<\/p>\n<p>Os eventos s\u00e3o\u00a0voltados para organiza\u00e7\u00f5es brasileiras interessadas em aprender e em participar do programa.<\/p>\n<p>Os cursos ser\u00e3o mensais e seguir\u00e3o o seguinte programa:<\/p>\n<p>21\/11\/2017: Horizonte 2020 \u2013 Vis\u00e3o geral do programa (pilares, programa de trabalho, chamadas e t\u00f3picos, entre outros temas). Inscri\u00e7\u00f5es:\u00a0.<\/p>\n<p>15\/12\/2017: Participar de uma proposta H2020 \u2013 cons\u00f3rcio e portal do participante. Inscri\u00e7\u00f5es:\u00a0.<\/p>\n<p>18\/01\/2018: Elabora\u00e7\u00e3o da proposta e crit\u00e9rios de avalia\u00e7\u00e3o. Inscri\u00e7\u00f5es:\u00a0.<\/p>\n<p>22\/02\/2018: Financiamento para organiza\u00e7\u00f5es brasileiras \u2013 FAPs guidelines. Inscri\u00e7\u00f5es:\u00a0.<\/p>\n<p>16\/03\/2018: Implementa\u00e7\u00e3o do projeto \u2013 quest\u00f5es financeiras e administrativas. Inscri\u00e7\u00f5es:\u00a0.<\/p>\n<p>13\/04\/2018: Casos concretos de sucesso da participa\u00e7\u00e3o brasileira. Inscri\u00e7\u00f5es:\u00a0.<\/p>\n<p>18\/05\/2018: Apresenta\u00e7\u00e3o detalhada do programa de trabalho para 2018-2020. Inscri\u00e7\u00f5es:\u00a0.<\/p>\n<p>Mais informa\u00e7\u00f5es:\u00a0<\/p>\n","protected":false},"excerpt":{"rendered":"<p>Ag\u00eancia FAPESP\u00a0\u2013 Ter\u00e1 in\u00edcio no dia 21 de novembro uma s\u00e9rie de cursos on-line sobre o Programa de Pesquisa e Inova\u00e7\u00e3o da Uni\u00e3o Europeia Horizonte 2020. O material \u00e9 desenvolvido pelo projeto Incobra (Increasing International STI Cooperation between Brazil and The European Union), do qual o Conselho Nacional das Funda\u00e7\u00f5es Estaduais de Amparo \u00e0 Pesquisa [&hellip;]<\/p>\n","protected":false},"author":2,"featured_media":37419,"comment_status":"open","ping_status":"closed","sticky":false,"template":"","format":"standard","meta":{"tdm_status":"","tdm_grid_status":"","footnotes":""},"categories":[22,351,370],"tags":[],"class_list":{"0":"post-126433","1":"post","2":"type-post","3":"status-publish","4":"format-standard","5":"has-post-thumbnail","7":"category-brasil","8":"category-cursos","9":"category-inscricao"},"_links":{"self":[{"href":"https:\/\/migracao.redenoticia.com.br\/noticia\/wp-json\/wp\/v2\/posts\/126433","targetHints":{"allow":["GET"]}}],"collection":[{"href":"https:\/\/migracao.redenoticia.com.br\/noticia\/wp-json\/wp\/v2\/posts"}],"about":[{"href":"https:\/\/migracao.redenoticia.com.br\/noticia\/wp-json\/wp\/v2\/types\/post"}],"author":[{"embeddable":true,"href":"https:\/\/migracao.redenoticia.com.br\/noticia\/wp-json\/wp\/v2\/users\/2"}],"replies":[{"embeddable":true,"href":"https:\/\/migracao.redenoticia.com.br\/noticia\/wp-json\/wp\/v2\/comments?post=126433"}],"version-history":[{"count":0,"href":"https:\/\/migracao.redenoticia.com.br\/noticia\/wp-json\/wp\/v2\/posts\/126433\/revisions"}],"wp:featuredmedia":[{"embeddable":true,"href":"https:\/\/migracao.redenoticia.com.br\/noticia\/wp-json\/wp\/v2\/media\/37419"}],"wp:attachment":[{"href":"https:\/\/migracao.redenoticia.com.br\/noticia\/wp-json\/wp\/v2\/media?parent=126433"}],"wp:term":[{"taxonomy":"category","embeddable":true,"href":"https:\/\/migracao.redenoticia.com.br\/noticia\/wp-json\/wp\/v2\/categories?post=126433"},{"taxonomy":"post_tag","embeddable":true,"href":"https:\/\/migracao.redenoticia.com.br\/noticia\/wp-json\/wp\/v2\/tags?post=126433"}],"curies":[{"name":"wp","href":"https:\/\/api.w.org\/{rel}","templated":true}]}}