{"id":126522,"date":"2017-11-22T15:03:50","date_gmt":"2017-11-22T17:03:50","guid":{"rendered":"https:\/\/www.redenoticia.com.br\/noticia\/?p=126522"},"modified":"2017-11-22T15:18:51","modified_gmt":"2017-11-22T17:18:51","slug":"resumo-novela-chiquititas-2311-duda-volta-da-europa","status":"publish","type":"post","link":"https:\/\/migracao.redenoticia.com.br\/noticia\/2017\/resumo-novela-chiquititas-2311-duda-volta-da-europa\/126522","title":{"rendered":"Resumo novela \u201cChiquititas\u201d 23\/11: Duda volta da Europa"},"content":{"rendered":"<p><img loading=\"lazy\" decoding=\"async\" class=\"alignleft size-thumbnail wp-image-49690\" src=\"https:\/\/migracao.redenoticia.com.br\/noticia\/imagens\/chiquititas1-150x112.jpg\" alt=\"chiquititas\" width=\"150\" height=\"112\" \/><strong><em>Resumo novela \u201cChiquititas\u201d 23\/11<\/em><\/strong>: no cap\u00edtulo 313(*) da novela \u201cChiquititas\u201d, resumo de quinta-feira, 23 de novembro, o motorista leva Dani at\u00e9 o hospital, pois com o susto a pequena caiu no ch\u00e3o e machucou o joelho. Bruno vai ao hospital buscar Dani e Fernando diz que Bruno precisa cuidar melhor da filha. Mais tarde, Fernando vai ao orfanato e descobre que Carol e Junior reataram o namoro. Fernando conta para os dois sobre o ocorrido com Dani. Fernando garante para Junior que gosta de Carol e que n\u00e3o ir\u00e1 desistir dela. As chiquititas pensam numa maneira de ajudar Junior com a crise do Caf\u00e9 Boutique. Tati sugere que eles construam um \u201ccarro do amor\u201d, utilizando bicicletas. As meninas veem que os vestidos de passeio est\u00e3o manchados com \u00e1gua sanit\u00e1ria. As meninas mais velhas conversam com Marian que nega estar envolvida com todas as confus\u00f5es. Apenas Pata e Bia n\u00e3o acreditam na chiquitita. Armando sai para almo\u00e7ar com Gabriela. Junior vai at\u00e9 a casa de Dani para conversar com Bruno. Junior diz que ele \u00e9 Carol est\u00e3o de olho em como Bruno trata a filha. No orfanato, Duda volta da Europa. O garoto diz que decidiu ficar no Brasil at\u00e9 sua m\u00e3e voltar de vez para o Pa\u00eds. Duda diz que fez quest\u00e3o de ir do aeroporto direto para o orfanato. Mili fica feliz e Mosca enciumado.<\/p>\n<p>(*) edi\u00e7\u00e3o do SBT, Novela \u201cChiquititas\u201d, sujeito a altera\u00e7\u00e3o de data e conte\u00fado.<\/p>\n<p>Chiquititas gira em torno do orfanato Raio de Luz, que carrega em sua hist\u00f3ria um grande segredo envolvendo a fam\u00edlia e o dono do orfanato, Dr. Jos\u00e9 Ricardo Almeida Campos. Em um per\u00edodo anterior \u00e0 novela, exatos treze anos, sua filha Gabriela se apaixonou e ficou gr\u00e1vida de Miguel, filho de Valentina, empregada da casa dos Almeida Campos. Pouco depois, Jos\u00e9 Ricardo sequestrou sua neta, pois, como um homem conservador, ele n\u00e3o aceitava a ideia de que sua filha se envolvesse com um empregado. Como sua neta, Milena, apelidada como Mili, precisava de um lugar para morar, ele comprou um casar\u00e3o e fundou um orfanato, o Raio de Luz. Mili cresceu l\u00e1 com outras garotas que chegaram posteriormente: Bia, Ana, as irm\u00e3s Tati e Vivi, e Cris. Ao decorrer dos anos, elas se tornam uma fam\u00edlia. Elas s\u00e3o supervisionadas por Ernestina, zeladora do orfanato, e Chico, o cozinheiro amado pelas internas. Sofia, ex-governanta da fam\u00edlia Almeida Campos, \u00e9 a diretora do lugar, at\u00e9 que Carmem, irm\u00e3 de Jos\u00e9 Ricardo, entre em seu lugar. Chegam ainda mais \u00f3rf\u00e3os: Pata, Mosca, Binho e Rafa, que viviam nas ruas antes de entrarem na institui\u00e7\u00e3o. Pata e Mili tornam-se amigas rapidamente, enquanto Mosca, Binho e Rafa s\u00e3o os primeiros garotos a entrar no abrigo. As crian\u00e7as sem-teto foram ajudadas por uma doce e bela garota que tocam e mudam a vida delas, assim como as das garotas \u00f3rf\u00e3s.<\/p>\n","protected":false},"excerpt":{"rendered":"<p>Resumo novela \u201cChiquititas\u201d 23\/11: no cap\u00edtulo 313(*) da novela \u201cChiquititas\u201d, resumo de quinta-feira, 23 de novembro, o motorista leva Dani at\u00e9 o hospital, pois com o susto a pequena caiu no ch\u00e3o e machucou o joelho. Bruno vai ao hospital buscar Dani e Fernando diz que Bruno precisa cuidar melhor da filha. Mais tarde, Fernando [&hellip;]<\/p>\n","protected":false},"author":4,"featured_media":49690,"comment_status":"open","ping_status":"closed","sticky":false,"template":"","format":"standard","meta":{"tdm_status":"","tdm_grid_status":"","footnotes":""},"categories":[409,379,372,343],"tags":[441],"class_list":{"0":"post-126522","1":"post","2":"type-post","3":"status-publish","4":"format-standard","5":"has-post-thumbnail","7":"category-chiquititas","8":"category-novelas","9":"category-sbt","10":"category-televisao","11":"tag-resumo-do-dia"},"_links":{"self":[{"href":"https:\/\/migracao.redenoticia.com.br\/noticia\/wp-json\/wp\/v2\/posts\/126522","targetHints":{"allow":["GET"]}}],"collection":[{"href":"https:\/\/migracao.redenoticia.com.br\/noticia\/wp-json\/wp\/v2\/posts"}],"about":[{"href":"https:\/\/migracao.redenoticia.com.br\/noticia\/wp-json\/wp\/v2\/types\/post"}],"author":[{"embeddable":true,"href":"https:\/\/migracao.redenoticia.com.br\/noticia\/wp-json\/wp\/v2\/users\/4"}],"replies":[{"embeddable":true,"href":"https:\/\/migracao.redenoticia.com.br\/noticia\/wp-json\/wp\/v2\/comments?post=126522"}],"version-history":[{"count":0,"href":"https:\/\/migracao.redenoticia.com.br\/noticia\/wp-json\/wp\/v2\/posts\/126522\/revisions"}],"wp:featuredmedia":[{"embeddable":true,"href":"https:\/\/migracao.redenoticia.com.br\/noticia\/wp-json\/wp\/v2\/media\/49690"}],"wp:attachment":[{"href":"https:\/\/migracao.redenoticia.com.br\/noticia\/wp-json\/wp\/v2\/media?parent=126522"}],"wp:term":[{"taxonomy":"category","embeddable":true,"href":"https:\/\/migracao.redenoticia.com.br\/noticia\/wp-json\/wp\/v2\/categories?post=126522"},{"taxonomy":"post_tag","embeddable":true,"href":"https:\/\/migracao.redenoticia.com.br\/noticia\/wp-json\/wp\/v2\/tags?post=126522"}],"curies":[{"name":"wp","href":"https:\/\/api.w.org\/{rel}","templated":true}]}}