{"id":126528,"date":"2017-11-22T16:51:32","date_gmt":"2017-11-22T18:51:32","guid":{"rendered":"https:\/\/www.redenoticia.com.br\/noticia\/?p=126528"},"modified":"2017-11-22T15:21:27","modified_gmt":"2017-11-22T17:21:27","slug":"resumo-novela-malhacao-2311-ellen-e-keyla-fazem-as-pazes","status":"publish","type":"post","link":"https:\/\/migracao.redenoticia.com.br\/noticia\/2017\/resumo-novela-malhacao-2311-ellen-e-keyla-fazem-as-pazes\/126528","title":{"rendered":"Resumo novela \u201cMalha\u00e7\u00e3o\u201d 23\/11: Ellen e Keyla fazem as pazes"},"content":{"rendered":"<p><img loading=\"lazy\" decoding=\"async\" class=\"alignleft size-thumbnail wp-image-110075\" src=\"https:\/\/migracao.redenoticia.com.br\/noticia\/imagens\/malhacao-viva-a-diferenca-150x112.jpg\" alt=\"\" width=\"150\" height=\"112\" srcset=\"https:\/\/migracao.redenoticia.com.br\/noticia\/imagens\/malhacao-viva-a-diferenca-150x112.jpg 150w, https:\/\/migracao.redenoticia.com.br\/noticia\/imagens\/malhacao-viva-a-diferenca-265x198.jpg 265w\" sizes=\"auto, (max-width: 150px) 100vw, 150px\" \/><strong><em>Resumo novela \u201cMalha\u00e7\u00e3o\u201d 23\/11<\/em><\/strong>: no cap\u00edtulo 142(*) da novela \u201cMalha\u00e7\u00e3o\u201d, resumo de quinta-feira, 23 de novembro, Ben\u00ea avisa a Guto que n\u00e3o vai \u00e0 audi\u00e7\u00e3o com o professor dele. Malu decide reter os alunos no col\u00e9gio. Keyla fala para D\u00f3ris sobre sua desconfian\u00e7a com Dog\u00e3o. Dog\u00e3o fica tenso quando Tato avisa que o culpado do atentado pode ser preso. K1 e K2 ironizam o estado de Ben\u00ea. Fio vai ao col\u00e9gio Grupo para alertar Ellen. Ellen e Guto fogem do col\u00e9gio para ver Ben\u00ea. Os celulares s\u00e3o encontrados. Guto fica penalizado com o estado de Ben\u00ea. Malu afirma que encontrar\u00e1 o culpado pelo sumi\u00e7o dos celulares. Keyla e Ellen se cruzam na sala de D\u00f3ris. Guto tranquiliza Ben\u00ea e a ajuda a se entender com Ellen. Ellen e Keyla fazem as pazes. Felipe fala para MB assumir para Malu que \u00e9 o culpado pelo sumi\u00e7o dos celulares. Roney canta uma m\u00fasica para Josefina. D\u00f3ris se re\u00fane com os alunos. Malu acusa Ellen e Guto de serem os culpados pelo sumi\u00e7o dos celulares e mostra a imagem dos dois pulando o muro da escola.<\/p>\n<p>(*) edi\u00e7\u00e3o da Rede Globo, Novela \u201cMalha\u00e7\u00e3o\u201d, sujeito a altera\u00e7\u00e3o de data e conte\u00fado.<\/p>\n<p>A vig\u00e9sima quinta temporada da s\u00e9rie de televis\u00e3o brasileira Malha\u00e7\u00e3o, produzida pela Rede Globo, \u00e9 escrita por Cao Hamburger, com colabora\u00e7\u00e3o de Jaqueline Vargas, Luciana Pessanha, Vitor Brandt e Carolina Ziskind, e conta com a dire\u00e7\u00e3o de Paulo Silvestrini. Pela primeira vez ap\u00f3s vinte e quatro temporadas, a novela ser\u00e1 ambientada nas zonas leste e sul da cidade de S\u00e3o Paulo. A trama \u00e9 protagonizada por Gabriela Medvedovski, Heslaine Vieira, Ana Hikari, Manoela Aliperti e Daphne Bozaski. O elenco tamb\u00e9m \u00e9 composto por Matheus Abreu, Hall Mendes, Juan Piava, Gabriel Calamari, Bruno Gadiol, Giovanna Grigio, Aline Fanju, L\u00facio Mauro Filho, Malu Galli, Angelo Ant\u00f4nio, Daniela Galli, Marcello Antony, Isabella Scherer, Talita Younan e Carol Macedo nos papeis principais.<\/p>\n","protected":false},"excerpt":{"rendered":"<p>Resumo novela \u201cMalha\u00e7\u00e3o\u201d 23\/11: no cap\u00edtulo 142(*) da novela \u201cMalha\u00e7\u00e3o\u201d, resumo de quinta-feira, 23 de novembro, Ben\u00ea avisa a Guto que n\u00e3o vai \u00e0 audi\u00e7\u00e3o com o professor dele. Malu decide reter os alunos no col\u00e9gio. Keyla fala para D\u00f3ris sobre sua desconfian\u00e7a com Dog\u00e3o. Dog\u00e3o fica tenso quando Tato avisa que o culpado do [&hellip;]<\/p>\n","protected":false},"author":4,"featured_media":110072,"comment_status":"open","ping_status":"closed","sticky":false,"template":"","format":"standard","meta":{"tdm_status":"","tdm_grid_status":"","footnotes":""},"categories":[447,379,375,343],"tags":[441],"class_list":{"0":"post-126528","1":"post","2":"type-post","3":"status-publish","4":"format-standard","5":"has-post-thumbnail","7":"category-malhacao","8":"category-novelas","9":"category-rede-globo","10":"category-televisao","11":"tag-resumo-do-dia"},"_links":{"self":[{"href":"https:\/\/migracao.redenoticia.com.br\/noticia\/wp-json\/wp\/v2\/posts\/126528","targetHints":{"allow":["GET"]}}],"collection":[{"href":"https:\/\/migracao.redenoticia.com.br\/noticia\/wp-json\/wp\/v2\/posts"}],"about":[{"href":"https:\/\/migracao.redenoticia.com.br\/noticia\/wp-json\/wp\/v2\/types\/post"}],"author":[{"embeddable":true,"href":"https:\/\/migracao.redenoticia.com.br\/noticia\/wp-json\/wp\/v2\/users\/4"}],"replies":[{"embeddable":true,"href":"https:\/\/migracao.redenoticia.com.br\/noticia\/wp-json\/wp\/v2\/comments?post=126528"}],"version-history":[{"count":0,"href":"https:\/\/migracao.redenoticia.com.br\/noticia\/wp-json\/wp\/v2\/posts\/126528\/revisions"}],"wp:featuredmedia":[{"embeddable":true,"href":"https:\/\/migracao.redenoticia.com.br\/noticia\/wp-json\/wp\/v2\/media\/110072"}],"wp:attachment":[{"href":"https:\/\/migracao.redenoticia.com.br\/noticia\/wp-json\/wp\/v2\/media?parent=126528"}],"wp:term":[{"taxonomy":"category","embeddable":true,"href":"https:\/\/migracao.redenoticia.com.br\/noticia\/wp-json\/wp\/v2\/categories?post=126528"},{"taxonomy":"post_tag","embeddable":true,"href":"https:\/\/migracao.redenoticia.com.br\/noticia\/wp-json\/wp\/v2\/tags?post=126528"}],"curies":[{"name":"wp","href":"https:\/\/api.w.org\/{rel}","templated":true}]}}