{"id":126584,"date":"2017-11-23T00:07:17","date_gmt":"2017-11-23T02:07:17","guid":{"rendered":"https:\/\/www.redenoticia.com.br\/noticia\/?p=126584"},"modified":"2017-11-22T22:38:18","modified_gmt":"2017-11-23T00:38:18","slug":"unesp-aberta-oferece-cursos-on-line-de-capacitacao-gratuitamente","status":"publish","type":"post","link":"https:\/\/migracao.redenoticia.com.br\/noticia\/2017\/unesp-aberta-oferece-cursos-on-line-de-capacitacao-gratuitamente\/126584","title":{"rendered":"Unesp Aberta oferece cursos on-line de capacita\u00e7\u00e3o gratuitamente"},"content":{"rendered":"<p> A Universidade Estadual Paulista, a Unesp, oferece a oportunidade de forma\u00e7\u00e3o e aperfei\u00e7oamento em diversas \u00e1reas do conhecimento. Basta a pessoa ter acesso \u00e0 Internet e se cadastrar no Unesp Aberta, um ambiente de <strong><em>aprendizagem on-line e gratuito<\/em><\/strong>. Unesp Aberta \u00e9 uma iniciativa da Reitoria da Unesp, que envolve \u00e0s \u00e1reas de Gradua\u00e7\u00e3o, P\u00f3s-Gradua\u00e7\u00e3o e Extens\u00e3o, juntamente com o N\u00facleo de Educa\u00e7\u00e3o a Dist\u00e2ncia (NEaD\/Unesp).<\/p>\n<p>No ambiente est\u00e3o dispon\u00edveis gratuitamente os recursos pedag\u00f3gicos digitais desenvolvidos para os cursos da Universidade. S\u00e3o cursos livres, sem assessoria pedag\u00f3gica (tutoria), avalia\u00e7\u00e3o e certifica\u00e7\u00e3o.<\/p>\n<p>Existem op\u00e7\u00f5es tanto para estudantes quanto para docentes que pretendem se especializar. Em algumas atividades h\u00e1 a possibilidade at\u00e9 de tirar d\u00favidas por e-mail com os professores e trocar mensagens com outros participantes.<\/p>\n<p>O objetivo da iniciativa \u00e0 dist\u00e2ncia \u00e9 compartilhar conhecimento, al\u00e9m de auxiliar na atualiza\u00e7\u00e3o profissional e acad\u00eamica dos participantes. Todo o processo de inscri\u00e7\u00e3o e aulas \u00e9 feito pela internet, sem restri\u00e7\u00e3o de n\u00fameros de cursos.<\/p>\n<p>Acesso o\u00a0\u00a0e aproveite os diferentes e-books e cursos em Exatas, Humanas e Biol\u00f3gicas.<\/p>\n<p>Do Portal do Governo SP<\/p>\n","protected":false},"excerpt":{"rendered":"<p>A Universidade Estadual Paulista, a Unesp, oferece a oportunidade de forma\u00e7\u00e3o e aperfei\u00e7oamento em diversas \u00e1reas do conhecimento. Basta a pessoa ter acesso \u00e0 Internet e se cadastrar no Unesp Aberta, um ambiente de aprendizagem on-line e gratuito. Unesp Aberta \u00e9 uma iniciativa da Reitoria da Unesp, que envolve \u00e0s \u00e1reas de Gradua\u00e7\u00e3o, P\u00f3s-Gradua\u00e7\u00e3o e [&hellip;]<\/p>\n","protected":false},"author":2,"featured_media":37419,"comment_status":"open","ping_status":"closed","sticky":false,"template":"","format":"standard","meta":{"tdm_status":"","tdm_grid_status":"","footnotes":""},"categories":[22,351,370],"tags":[],"class_list":{"0":"post-126584","1":"post","2":"type-post","3":"status-publish","4":"format-standard","5":"has-post-thumbnail","7":"category-brasil","8":"category-cursos","9":"category-inscricao"},"_links":{"self":[{"href":"https:\/\/migracao.redenoticia.com.br\/noticia\/wp-json\/wp\/v2\/posts\/126584","targetHints":{"allow":["GET"]}}],"collection":[{"href":"https:\/\/migracao.redenoticia.com.br\/noticia\/wp-json\/wp\/v2\/posts"}],"about":[{"href":"https:\/\/migracao.redenoticia.com.br\/noticia\/wp-json\/wp\/v2\/types\/post"}],"author":[{"embeddable":true,"href":"https:\/\/migracao.redenoticia.com.br\/noticia\/wp-json\/wp\/v2\/users\/2"}],"replies":[{"embeddable":true,"href":"https:\/\/migracao.redenoticia.com.br\/noticia\/wp-json\/wp\/v2\/comments?post=126584"}],"version-history":[{"count":0,"href":"https:\/\/migracao.redenoticia.com.br\/noticia\/wp-json\/wp\/v2\/posts\/126584\/revisions"}],"wp:featuredmedia":[{"embeddable":true,"href":"https:\/\/migracao.redenoticia.com.br\/noticia\/wp-json\/wp\/v2\/media\/37419"}],"wp:attachment":[{"href":"https:\/\/migracao.redenoticia.com.br\/noticia\/wp-json\/wp\/v2\/media?parent=126584"}],"wp:term":[{"taxonomy":"category","embeddable":true,"href":"https:\/\/migracao.redenoticia.com.br\/noticia\/wp-json\/wp\/v2\/categories?post=126584"},{"taxonomy":"post_tag","embeddable":true,"href":"https:\/\/migracao.redenoticia.com.br\/noticia\/wp-json\/wp\/v2\/tags?post=126584"}],"curies":[{"name":"wp","href":"https:\/\/api.w.org\/{rel}","templated":true}]}}