{"id":12663,"date":"2009-09-24T19:25:45","date_gmt":"2009-09-24T23:25:45","guid":{"rendered":"http:\/\/www.redenoticia.com.br\/noticia\/?p=12663"},"modified":"2009-09-24T19:25:45","modified_gmt":"2009-09-24T23:25:45","slug":"thiago-lacerda-contra-o-cancer-de-mama","status":"publish","type":"post","link":"https:\/\/migracao.redenoticia.com.br\/noticia\/2009\/thiago-lacerda-contra-o-cancer-de-mama\/12663","title":{"rendered":"Thiago Lacerda contra o c\u00e2ncer de mama"},"content":{"rendered":"<p><a href=\"https:\/\/migracao.redenoticia.com.br\/noticia\/imagens\/\/mama1.jpg\"><img loading=\"lazy\" decoding=\"async\" class=\"alignleft size-medium wp-image-12664\" title=\"mama\" src=\"https:\/\/migracao.redenoticia.com.br\/noticia\/imagens\/\/mama1-249x187.jpg\" alt=\"mama\" width=\"249\" height=\"187\" srcset=\"https:\/\/migracao.redenoticia.com.br\/noticia\/imagens\/mama1-249x187.jpg 249w, https:\/\/migracao.redenoticia.com.br\/noticia\/imagens\/mama1-250x187.jpg 250w, https:\/\/migracao.redenoticia.com.br\/noticia\/imagens\/mama1.jpg 400w, https:\/\/migracao.redenoticia.com.br\/noticia\/imagens\/mama1-150x113.jpg 150w, https:\/\/migracao.redenoticia.com.br\/noticia\/imagens\/mama1-265x198.jpg 265w, https:\/\/migracao.redenoticia.com.br\/noticia\/imagens\/mama1-149x112.jpg 149w\" sizes=\"auto, (max-width: 249px) 100vw, 249px\" \/><\/a>No ar na novela global das oito, Thiago Lacerda, int\u00e9rprete do fot\u00f3grafo Bruno, mostra que a m\u00e1xima &#8220;Viver a Vida&#8221; vai al\u00e9m do nome do novo folhetim. De volta ao Brasil depois de grava\u00e7\u00f5es pelo Oriente M\u00e9dio (Jord\u00e2nia e Israel), o ator participa ativamente da campanha Avon Contra o C\u00e2ncer de Mama. Sua imagem \u00e9 um apelo \u00e0 vida, para que tanto homens quanto mulheres fiquem atentos, pois a doen\u00e7a pode ser curada, mas descobri-la cedo \u00e9 fundamental.<br \/>\nEste ano, cerca de 50 mil mulheres sofrer\u00e3o com a doen\u00e7a s\u00f3 no Brasil. \u00c9 o que dizem os estudos do Instituto Nacional de C\u00e2ncer (Inca). Os n\u00fameros s\u00e3o inquietantes &#8211; no Pa\u00eds, 10 mil mulheres morrem todos os anos porque em 60% dos casos o c\u00e2ncer de mama \u00e9 detectado em est\u00e1gio avan\u00e7ado.<\/p>\n<p>A venda de cada camiseta gera uma doa\u00e7\u00e3o de R$ 4,50 para o Instituto Avon, que aplicar\u00e1 o dinheiro em grandes centros de preven\u00e7\u00e3o de c\u00e2ncer de mama no Brasil. Os modelos feminino (R$ 15) e masculino (R$ 12) podem ser encontrados nos folhetos de cosm\u00e9ticos da empresa.<\/p>\n","protected":false},"excerpt":{"rendered":"<p>No ar na novela global das oito, Thiago Lacerda, int\u00e9rprete do fot\u00f3grafo Bruno, mostra que a m\u00e1xima &#8220;Viver a Vida&#8221; vai al\u00e9m do nome do novo folhetim. De volta ao Brasil depois de grava\u00e7\u00f5es pelo Oriente M\u00e9dio (Jord\u00e2nia e Israel), o ator participa ativamente da campanha Avon Contra o C\u00e2ncer de Mama. Sua imagem \u00e9 [&hellip;]<\/p>\n","protected":false},"author":3,"featured_media":0,"comment_status":"open","ping_status":"open","sticky":false,"template":"","format":"standard","meta":{"tdm_status":"","tdm_grid_status":"","footnotes":""},"categories":[22,343],"tags":[],"class_list":{"0":"post-12663","1":"post","2":"type-post","3":"status-publish","4":"format-standard","6":"category-brasil","7":"category-televisao"},"_links":{"self":[{"href":"https:\/\/migracao.redenoticia.com.br\/noticia\/wp-json\/wp\/v2\/posts\/12663","targetHints":{"allow":["GET"]}}],"collection":[{"href":"https:\/\/migracao.redenoticia.com.br\/noticia\/wp-json\/wp\/v2\/posts"}],"about":[{"href":"https:\/\/migracao.redenoticia.com.br\/noticia\/wp-json\/wp\/v2\/types\/post"}],"author":[{"embeddable":true,"href":"https:\/\/migracao.redenoticia.com.br\/noticia\/wp-json\/wp\/v2\/users\/3"}],"replies":[{"embeddable":true,"href":"https:\/\/migracao.redenoticia.com.br\/noticia\/wp-json\/wp\/v2\/comments?post=12663"}],"version-history":[{"count":0,"href":"https:\/\/migracao.redenoticia.com.br\/noticia\/wp-json\/wp\/v2\/posts\/12663\/revisions"}],"wp:attachment":[{"href":"https:\/\/migracao.redenoticia.com.br\/noticia\/wp-json\/wp\/v2\/media?parent=12663"}],"wp:term":[{"taxonomy":"category","embeddable":true,"href":"https:\/\/migracao.redenoticia.com.br\/noticia\/wp-json\/wp\/v2\/categories?post=12663"},{"taxonomy":"post_tag","embeddable":true,"href":"https:\/\/migracao.redenoticia.com.br\/noticia\/wp-json\/wp\/v2\/tags?post=12663"}],"curies":[{"name":"wp","href":"https:\/\/api.w.org\/{rel}","templated":true}]}}