{"id":126637,"date":"2017-11-23T16:03:32","date_gmt":"2017-11-23T18:03:32","guid":{"rendered":"https:\/\/www.redenoticia.com.br\/noticia\/?p=126637"},"modified":"2017-11-23T16:26:34","modified_gmt":"2017-11-23T18:26:34","slug":"resumo-novela-chiquititas-24-11-marian-paquera-duda","status":"publish","type":"post","link":"https:\/\/migracao.redenoticia.com.br\/noticia\/2017\/resumo-novela-chiquititas-24-11-marian-paquera-duda\/126637","title":{"rendered":"Resumo novela \u201cChiquititas\u201d 24\/11: Marian paquera Duda"},"content":{"rendered":"<p><img loading=\"lazy\" decoding=\"async\" class=\"alignleft size-thumbnail wp-image-49690\" src=\"https:\/\/migracao.redenoticia.com.br\/noticia\/imagens\/chiquititas1-150x112.jpg\" alt=\"chiquititas\" width=\"150\" height=\"112\" \/><strong><em>Resumo novela \u201cChiquititas\u201d 24\/11<\/em><\/strong>: no cap\u00edtulo 314(*) da novela \u201cChiquititas\u201d, resumo de sexta-feira, 24 de novembro, Duda e Mili conversam no p\u00e1tio do orfanato. Mili diz que todos sentiram falta dele. Duda responde que sentiu estava com saudade dela. O garoto conta que sua rela\u00e7\u00e3o com a m\u00e3e est\u00e1 melhor, mas que optou em voltar ao Brasil para deix\u00e1-la concluir o trabalho no exterior. Marian espia a conversa dos dois. No quarto, Mosca resmunga para Rafa: \u201cQuando finalmente o mala do JP vai embora, volta esse da\u00ed\u201d. Duda conversa com Mosca sobre Mili. Mosca diz que n\u00e3o sente mais nada por Mili e Duda diz que isso \u00e9 bom, pois n\u00e3o precisar\u00e1 mais se preocupar com o garoto. Marian espia o encontro nada amig\u00e1vel dos dois. Cris segue com o plano para fingir que Samuca quer namorar com ela e envia uma declara\u00e7\u00e3o de amor pra ela mesma, por\u00e9m, com o nome de Samuca. O garoto fica incomodado, mas aceita seguir no plano. Marian paquera Duda, que n\u00e3o retribui. Vivi fica com ci\u00fame de Samuca, mas fica confusa por acreditar que gosta do garoto apenas como amigo. Samuca \u00e9 apaixonado por Vivi e Cris diz para ele que esse plano ir\u00e1 ajud\u00e1-lo com a chiquitita. No orfanato, todos ficam surpresas com a declara\u00e7\u00e3o de amor para Cris (ningu\u00e9m sabe que \u00e9 tudo uma arma\u00e7\u00e3o). Fernando pede para as crian\u00e7as enviarem uma mensagem para Carol atrav\u00e9s do \u201cCorreio Elegante M\u00f3vel\u201d, inven\u00e7\u00e3o para tentar arrecadar dinheiro para o Caf\u00e9 Boutique, que est\u00e1 em crise. Carmen leva um susto ao se deparar com o Duda na mans\u00e3o dos Almeida Campos. No Caf\u00e9 Boutique, eles veem o comercial da estreia da s\u00e9rie \u201cO Conto da Princesa\u201d, onde eles participam como atores. Todos combinam de assistir a estreia juntos na casa de Beto.<\/p>\n<p>(*) edi\u00e7\u00e3o do SBT, Novela \u201cChiquititas\u201d, sujeito a altera\u00e7\u00e3o de data e conte\u00fado.<\/p>\n<p>Chiquititas gira em torno do orfanato Raio de Luz, que carrega em sua hist\u00f3ria um grande segredo envolvendo a fam\u00edlia e o dono do orfanato, Dr. Jos\u00e9 Ricardo Almeida Campos. Em um per\u00edodo anterior \u00e0 novela, exatos treze anos, sua filha Gabriela se apaixonou e ficou gr\u00e1vida de Miguel, filho de Valentina, empregada da casa dos Almeida Campos. Pouco depois, Jos\u00e9 Ricardo sequestrou sua neta, pois, como um homem conservador, ele n\u00e3o aceitava a ideia de que sua filha se envolvesse com um empregado. Como sua neta, Milena, apelidada como Mili, precisava de um lugar para morar, ele comprou um casar\u00e3o e fundou um orfanato, o Raio de Luz. Mili cresceu l\u00e1 com outras garotas que chegaram posteriormente: Bia, Ana, as irm\u00e3s Tati e Vivi, e Cris. Ao decorrer dos anos, elas se tornam uma fam\u00edlia. Elas s\u00e3o supervisionadas por Ernestina, zeladora do orfanato, e Chico, o cozinheiro amado pelas internas. Sofia, ex-governanta da fam\u00edlia Almeida Campos, \u00e9 a diretora do lugar, at\u00e9 que Carmem, irm\u00e3 de Jos\u00e9 Ricardo, entre em seu lugar. Chegam ainda mais \u00f3rf\u00e3os: Pata, Mosca, Binho e Rafa, que viviam nas ruas antes de entrarem na institui\u00e7\u00e3o. Pata e Mili tornam-se amigas rapidamente, enquanto Mosca, Binho e Rafa s\u00e3o os primeiros garotos a entrar no abrigo. As crian\u00e7as sem-teto foram ajudadas por uma doce e bela garota que tocam e mudam a vida delas, assim como as das garotas \u00f3rf\u00e3s.<\/p>\n","protected":false},"excerpt":{"rendered":"<p>Resumo novela \u201cChiquititas\u201d 24\/11: no cap\u00edtulo 314(*) da novela \u201cChiquititas\u201d, resumo de sexta-feira, 24 de novembro, Duda e Mili conversam no p\u00e1tio do orfanato. Mili diz que todos sentiram falta dele. Duda responde que sentiu estava com saudade dela. O garoto conta que sua rela\u00e7\u00e3o com a m\u00e3e est\u00e1 melhor, mas que optou em voltar [&hellip;]<\/p>\n","protected":false},"author":4,"featured_media":49690,"comment_status":"open","ping_status":"closed","sticky":false,"template":"","format":"standard","meta":{"tdm_status":"","tdm_grid_status":"","footnotes":""},"categories":[409,379,372,343],"tags":[441],"class_list":{"0":"post-126637","1":"post","2":"type-post","3":"status-publish","4":"format-standard","5":"has-post-thumbnail","7":"category-chiquititas","8":"category-novelas","9":"category-sbt","10":"category-televisao","11":"tag-resumo-do-dia"},"_links":{"self":[{"href":"https:\/\/migracao.redenoticia.com.br\/noticia\/wp-json\/wp\/v2\/posts\/126637","targetHints":{"allow":["GET"]}}],"collection":[{"href":"https:\/\/migracao.redenoticia.com.br\/noticia\/wp-json\/wp\/v2\/posts"}],"about":[{"href":"https:\/\/migracao.redenoticia.com.br\/noticia\/wp-json\/wp\/v2\/types\/post"}],"author":[{"embeddable":true,"href":"https:\/\/migracao.redenoticia.com.br\/noticia\/wp-json\/wp\/v2\/users\/4"}],"replies":[{"embeddable":true,"href":"https:\/\/migracao.redenoticia.com.br\/noticia\/wp-json\/wp\/v2\/comments?post=126637"}],"version-history":[{"count":0,"href":"https:\/\/migracao.redenoticia.com.br\/noticia\/wp-json\/wp\/v2\/posts\/126637\/revisions"}],"wp:featuredmedia":[{"embeddable":true,"href":"https:\/\/migracao.redenoticia.com.br\/noticia\/wp-json\/wp\/v2\/media\/49690"}],"wp:attachment":[{"href":"https:\/\/migracao.redenoticia.com.br\/noticia\/wp-json\/wp\/v2\/media?parent=126637"}],"wp:term":[{"taxonomy":"category","embeddable":true,"href":"https:\/\/migracao.redenoticia.com.br\/noticia\/wp-json\/wp\/v2\/categories?post=126637"},{"taxonomy":"post_tag","embeddable":true,"href":"https:\/\/migracao.redenoticia.com.br\/noticia\/wp-json\/wp\/v2\/tags?post=126637"}],"curies":[{"name":"wp","href":"https:\/\/api.w.org\/{rel}","templated":true}]}}