{"id":1267,"date":"2009-05-06T19:03:21","date_gmt":"2009-05-06T23:03:21","guid":{"rendered":"http:\/\/www.redenoticia.com.br\/noticia\/?p=1267"},"modified":"2009-05-06T19:03:21","modified_gmt":"2009-05-06T23:03:21","slug":"sipam-discute-a-seguranca-do-territorio-amazonico","status":"publish","type":"post","link":"https:\/\/migracao.redenoticia.com.br\/noticia\/2009\/sipam-discute-a-seguranca-do-territorio-amazonico\/1267","title":{"rendered":"Sipam discute a seguran\u00e7a do territ\u00f3rio amaz\u00f4nico"},"content":{"rendered":"<p align=\"justify\"><span><span lang=\"pt-BR\"><span style=\"font-size: small;\"><span style=\"color: #000000;\">Defender a utiliza\u00e7\u00e3o de conhecimentos de intelig\u00eancia na elabora\u00e7\u00e3o de mecanismos de seguran\u00e7a do territ\u00f3rio amaz\u00f4nico. Esse \u00e9 o papel do\u00a0<\/span><\/span><\/span><span lang=\"pt-BR\"><span style=\"font-size: small;\"><span style=\"color: #000000;\">Sistema de Prote\u00e7\u00e3o da Amaz\u00f4nia (Sipam) na<\/span><\/span><\/span><\/span><span><span lang=\"pt-BR\"><span style=\"font-size: small;\"><span style=\"color: #000000;\">\u00a0etapa rondoniense da 1\u00aa Confer\u00eancia Nacional de Seguran\u00e7a P\u00fablica, cuja abertura acontece nesta quinta-feira (7), em Porto Velho.<\/span><\/span><\/span><\/span><\/p>\n<p align=\"justify\"><span><span lang=\"pt-BR\"><span style=\"font-size: small;\"><span style=\"color: #000000;\">Um dos \u00f3rg\u00e3os coordenadores da confer\u00eancia, o<span><span lang=\"pt-BR\"><span style=\"font-size: small;\"><span style=\"color: #000000;\">\u00a0Sipam\u00a0<\/span><\/span><\/span><\/span>atua na \u00e1rea de intelig\u00eancia para, junto a \u00f3rg\u00e3os parceiros, promover a seguran\u00e7a. \u201cN\u00f3s damos apoio tecnol\u00f3gico e auxiliamos\u00a0<span><span lang=\"pt-BR\"><span style=\"font-size: small;\"><span style=\"color: #000000;\">\u00f3rg\u00e3os no planejamento de<\/span><\/span><\/span><\/span>opera\u00e7\u00f5es que garantem a seguran\u00e7a dos cidad\u00e3os, do meio ambiente e do territ\u00f3rio de Rond\u00f4nia e outros estados da Amaz\u00f4nia legal\u201d, explica Carlos Rodrigues, coordenador de intelig\u00eancia do Centro Regional do Sipam em Porto Velho.<\/span><\/span><\/span><\/span><\/p>\n<p align=\"justify\"><span><span lang=\"pt-BR\"><span style=\"font-size: small;\"><span style=\"color: #000000;\">Dispondo da tecnologia de radares, terminais de comunica\u00e7\u00e3o por sat\u00e9lite, terminais de radiodetermina\u00e7\u00e3o, entre outros aparatos tecnol\u00f3gicos, o Sipam efetiva sua miss\u00e3o de produzir material de intelig\u00eancia para<\/span><\/span><\/span><span lang=\"pt-BR\"><span style=\"font-size: small;\"><span style=\"color: #000000;\">combater atividades il\u00edcitas na Amaz\u00f4nia. Um exemplo disso \u00e9 a recente aquisi\u00e7\u00e3o do radar Saber M-60, que auxiliar\u00e1 na detec\u00e7\u00e3o de v\u00f4os irregulares que cruzam em baixa altitude a fronteira do Brasil na regi\u00e3o Amaz\u00f4nica.<\/span><\/span><\/span><\/span><\/p>\n<p align=\"justify\"><span lang=\"pt-BR\"><span style=\"font-size: small;\"><span style=\"color: #000000;\"><strong>Etapas regionais antecedem evento nacional<\/strong><\/span><\/span><\/span><\/p>\n<p align=\"justify\"><span><span lang=\"pt-BR\"><span style=\"font-size: small;\"><span style=\"color: #000000;\">A abertura da confer\u00eancia\u00a0<span><span lang=\"pt-BR\"><span style=\"font-size: small;\"><span style=\"color: #000000;\">em Porto Velho\u00a0<\/span><\/span><\/span><\/span>acontece a partir das 9h no audit\u00f3rio da Ulbra. Oficinas tem\u00e1ticas ocorrem durante todo o dia e tamb\u00e9m na sexta-feira. Outras etapas acontecem ainda em Ji-Paran\u00e1 (28 e 29 de maio), Vilhena (25 e 26 de junho) e novamente em Porto Velho (29 e 30 de junho). Os eventos regionais produzir\u00e3o os encaminhamentos de Rond\u00f4nia para a confer\u00eancia nacional, marcada para\u00a0<\/span><\/span><\/span><span lang=\"pt-BR\"><span style=\"font-size: small;\"><span style=\"color: #000000;\">27 a 30 de agosto deste ano, em Bras\u00edlia.<\/span><\/span><\/span><\/span><\/p>\n","protected":false},"excerpt":{"rendered":"<p>Defender a utiliza\u00e7\u00e3o de conhecimentos de intelig\u00eancia na elabora\u00e7\u00e3o de mecanismos de seguran\u00e7a do territ\u00f3rio amaz\u00f4nico. Esse \u00e9 o papel do\u00a0Sistema de Prote\u00e7\u00e3o da Amaz\u00f4nia (Sipam) na\u00a0etapa rondoniense da 1\u00aa Confer\u00eancia Nacional de Seguran\u00e7a P\u00fablica, cuja abertura acontece nesta quinta-feira (7), em Porto Velho. Um dos \u00f3rg\u00e3os coordenadores da confer\u00eancia, o\u00a0Sipam\u00a0atua na \u00e1rea de intelig\u00eancia [&hellip;]<\/p>\n","protected":false},"author":2,"featured_media":0,"comment_status":"open","ping_status":"open","sticky":false,"template":"","format":"standard","meta":{"tdm_status":"","tdm_grid_status":"","footnotes":""},"categories":[22],"tags":[],"class_list":{"0":"post-1267","1":"post","2":"type-post","3":"status-publish","4":"format-standard","6":"category-brasil"},"_links":{"self":[{"href":"https:\/\/migracao.redenoticia.com.br\/noticia\/wp-json\/wp\/v2\/posts\/1267","targetHints":{"allow":["GET"]}}],"collection":[{"href":"https:\/\/migracao.redenoticia.com.br\/noticia\/wp-json\/wp\/v2\/posts"}],"about":[{"href":"https:\/\/migracao.redenoticia.com.br\/noticia\/wp-json\/wp\/v2\/types\/post"}],"author":[{"embeddable":true,"href":"https:\/\/migracao.redenoticia.com.br\/noticia\/wp-json\/wp\/v2\/users\/2"}],"replies":[{"embeddable":true,"href":"https:\/\/migracao.redenoticia.com.br\/noticia\/wp-json\/wp\/v2\/comments?post=1267"}],"version-history":[{"count":0,"href":"https:\/\/migracao.redenoticia.com.br\/noticia\/wp-json\/wp\/v2\/posts\/1267\/revisions"}],"wp:attachment":[{"href":"https:\/\/migracao.redenoticia.com.br\/noticia\/wp-json\/wp\/v2\/media?parent=1267"}],"wp:term":[{"taxonomy":"category","embeddable":true,"href":"https:\/\/migracao.redenoticia.com.br\/noticia\/wp-json\/wp\/v2\/categories?post=1267"},{"taxonomy":"post_tag","embeddable":true,"href":"https:\/\/migracao.redenoticia.com.br\/noticia\/wp-json\/wp\/v2\/tags?post=1267"}],"curies":[{"name":"wp","href":"https:\/\/api.w.org\/{rel}","templated":true}]}}