{"id":12675,"date":"2009-09-24T22:18:52","date_gmt":"2009-09-25T02:18:52","guid":{"rendered":"http:\/\/www.redenoticia.com.br\/noticia\/?p=12675"},"modified":"2009-09-24T22:18:52","modified_gmt":"2009-09-25T02:18:52","slug":"previsao-do-tempo-na-regiao-nordeste-de-25-a-2709","status":"publish","type":"post","link":"https:\/\/migracao.redenoticia.com.br\/noticia\/2009\/previsao-do-tempo-na-regiao-nordeste-de-25-a-2709\/12675","title":{"rendered":"Previs\u00e3o do tempo na Regi\u00e3o Nordeste de 25 a 27\/09"},"content":{"rendered":"<p><strong>Previs\u00e3o do tempo Regi\u00e3o Nordeste <\/strong>25\/09\/2009: No extremo sul da BA: nublado com chuva. No sudoeste e oeste da BA: sol com nebulosidade vari\u00e1vel com pancadas de chuva. No centro-sul e oeste do MA: sol com nebulosidade vari\u00e1vel com possibilidade de pancadas de chuva. Nas demais \u00e1reas da Regi\u00e3o: sol entre poucas nuvens. As temperaturas estar\u00e3o est\u00e1veis. Temperaturas m\u00e1xima: 40C no centro do PI. Temperaturas m\u00ednima: 16C no sul da BA. \u00a026 e 27\/09\/2009: No sul e oeste da BA: muitas nuvens com chuva de forma isolada. Nas demais \u00e1reas: sol entre poucas nuvens. As temperaturas estar\u00e3o em decl\u00ednio no sudeste da BA. Nos pr\u00f3ximos dias o sol aparecer\u00e1 entre poucas nuvens.<\/p>\n<p>O Centro de Previs\u00e3o de Tempo e Estudos Clim\u00e1ticos \u2013 CPTEC, do Instituto Nacional de Pesquisas Espaciais \u2013 INPE \u00e9 o passaporte do Brasil para o primeiro mundo das previs\u00f5es meteorol\u00f3gicas. Os supercomputadores vetoriais SX-6 e SX-4 fabricados pela NEC Corporation do Jap\u00e3o, possuem capacidade de processar at\u00e9 768 bilh\u00f5es e 16 bilh\u00f5es de opera\u00e7\u00f5es aritm\u00e9ticas em ponto flutuante por segundo respectivamente. Recentemente adquirido da \u201cNEC Corporation do Jap\u00e3o\u201d um cluster com 1100 processadores fabricado pela \u201cSUN Microsystem\u201d com a capacidade de processar at\u00e9 5.7 trilh\u00f5es de opera\u00e7\u00f5es aritm\u00e9ticas em ponto flutuante por segundo.<\/p>\n<p>Isso significa possibilidade de utilizar modelos num\u00e9ricos para simula\u00e7\u00e3o de tempo e clima, integrando informa\u00e7\u00f5es atmosf\u00e9ricas e oce\u00e2nicas. O resultado disso s\u00e3o previs\u00f5es de tempo confi\u00e1veis, para todo o pa\u00eds.\u00a0<\/p>\n<p>CPTEC\/INPE<\/p>\n","protected":false},"excerpt":{"rendered":"<p>Previs\u00e3o do tempo Regi\u00e3o Nordeste 25\/09\/2009: No extremo sul da BA: nublado com chuva. No sudoeste e oeste da BA: sol com nebulosidade vari\u00e1vel com pancadas de chuva. No centro-sul e oeste do MA: sol com nebulosidade vari\u00e1vel com possibilidade de pancadas de chuva. Nas demais \u00e1reas da Regi\u00e3o: sol entre poucas nuvens. As temperaturas [&hellip;]<\/p>\n","protected":false},"author":3,"featured_media":0,"comment_status":"open","ping_status":"open","sticky":false,"template":"","format":"standard","meta":{"tdm_status":"","tdm_grid_status":"","footnotes":""},"categories":[22,327],"tags":[],"class_list":{"0":"post-12675","1":"post","2":"type-post","3":"status-publish","4":"format-standard","6":"category-brasil","7":"category-clima"},"_links":{"self":[{"href":"https:\/\/migracao.redenoticia.com.br\/noticia\/wp-json\/wp\/v2\/posts\/12675","targetHints":{"allow":["GET"]}}],"collection":[{"href":"https:\/\/migracao.redenoticia.com.br\/noticia\/wp-json\/wp\/v2\/posts"}],"about":[{"href":"https:\/\/migracao.redenoticia.com.br\/noticia\/wp-json\/wp\/v2\/types\/post"}],"author":[{"embeddable":true,"href":"https:\/\/migracao.redenoticia.com.br\/noticia\/wp-json\/wp\/v2\/users\/3"}],"replies":[{"embeddable":true,"href":"https:\/\/migracao.redenoticia.com.br\/noticia\/wp-json\/wp\/v2\/comments?post=12675"}],"version-history":[{"count":0,"href":"https:\/\/migracao.redenoticia.com.br\/noticia\/wp-json\/wp\/v2\/posts\/12675\/revisions"}],"wp:attachment":[{"href":"https:\/\/migracao.redenoticia.com.br\/noticia\/wp-json\/wp\/v2\/media?parent=12675"}],"wp:term":[{"taxonomy":"category","embeddable":true,"href":"https:\/\/migracao.redenoticia.com.br\/noticia\/wp-json\/wp\/v2\/categories?post=12675"},{"taxonomy":"post_tag","embeddable":true,"href":"https:\/\/migracao.redenoticia.com.br\/noticia\/wp-json\/wp\/v2\/tags?post=12675"}],"curies":[{"name":"wp","href":"https:\/\/api.w.org\/{rel}","templated":true}]}}