{"id":126799,"date":"2017-11-27T00:37:22","date_gmt":"2017-11-27T02:37:22","guid":{"rendered":"https:\/\/www.redenoticia.com.br\/noticia\/?p=126799"},"modified":"2017-11-27T00:41:48","modified_gmt":"2017-11-27T02:41:48","slug":"pos-doutorado-em-espectroscopia-na-usp-com-bolsa-da-fapesp","status":"publish","type":"post","link":"https:\/\/migracao.redenoticia.com.br\/noticia\/2017\/pos-doutorado-em-espectroscopia-na-usp-com-bolsa-da-fapesp\/126799","title":{"rendered":"P\u00f3s-doutorado em espectroscopia na USP com Bolsa da FAPESP"},"content":{"rendered":"<p> Ag\u00eancia FAPESP\u00a0\u2013 O Projeto Tem\u00e1tico \u201c\u201d abriu uma <strong><em>vaga de p\u00f3s-doutorado<\/em><\/strong> para pesquisa no Instituto de Astronomia, Geof\u00edsica e Ci\u00eancias Atmosf\u00e9ricas da Universidade de S\u00e3o Paulo (IAG-USP).<\/p>\n<p>O prazo de inscri\u00e7\u00e3o termina no dia 30 de novembro de 2017. O projeto \u00e9 coordenado pela professora\u00a0. O bolsista participar\u00e1 do projeto \u201cSimula\u00e7\u00f5es de Software e Hardware para optimiza\u00e7\u00e3o do espectr\u00f3grafo Mosaic\u201d.<\/p>\n<p>O objetivo \u00e9 investigar o desempenho poss\u00edvel para observa\u00e7\u00f5es com o espectr\u00f3grafo multiobjeto Mosaic, em planejamento para o Extremely Large Telescope.<\/p>\n<p>Segundo Rossi, o bolsista realizar\u00e1 extensas simula\u00e7\u00f5es de espectroscopia de estrelas, aglomerados globulares e gal\u00e1xias. Para tanto, dever\u00e1 usar c\u00f3digos de s\u00edntese espectral, de constru\u00e7\u00e3o de popula\u00e7\u00f5es estelares e usar programas de simula\u00e7\u00f5es em desenvolvimento no Observat\u00f3rio de Paris e Holanda. A pesquisa tamb\u00e9m envolve caracteriza\u00e7\u00e3o de fibras no \u00f3ptico e infravermelho, em trabalho conjunto com o Laborat\u00f3rio Nacional de Astrof\u00edsica.<\/p>\n<p>Os interessados em se inscrever devem enviar e-mail para a professora Beatriz Barbuy (b.barbuy@iag.usp.br). Mais informa\u00e7\u00f5es sobre a vaga est\u00e3o dispon\u00edveis em\u00a0.<\/p>\n<p>A oportunidade est\u00e1 aberta a brasileiros e estrangeiros. O selecionado receber\u00e1 Bolsa de P\u00f3s-Doutorado da FAPESP no valor de R$ 7.174,80 mensais e Reserva T\u00e9cnica. A Reserva T\u00e9cnica de Bolsa de PD equivale a 15% do valor anual da bolsa e tem o objetivo de atender a despesas imprevistas e diretamente relacionadas \u00e0 atividade de pesquisa.<\/p>\n<p>Caso o bolsista resida em domic\u00edlio diferente e precise se mudar para a cidade onde se localiza a institui\u00e7\u00e3o-sede da pesquisa, poder\u00e1 ter direito a um Aux\u00edlio-Instala\u00e7\u00e3o. Mais informa\u00e7\u00f5es sobre a Bolsa de P\u00f3s-Doutorado da FAPESP est\u00e3o dispon\u00edveis em\u00a0.<\/p>\n<p>Outras vagas de bolsas, em diversas \u00e1reas do conhecimento, est\u00e3o no site FAPESP-Oportunidades, em\u00a0.<\/p>\n","protected":false},"excerpt":{"rendered":"<p>Ag\u00eancia FAPESP\u00a0\u2013 O Projeto Tem\u00e1tico \u201c\u201d abriu uma vaga de p\u00f3s-doutorado para pesquisa no Instituto de Astronomia, Geof\u00edsica e Ci\u00eancias Atmosf\u00e9ricas da Universidade de S\u00e3o Paulo (IAG-USP). O prazo de inscri\u00e7\u00e3o termina no dia 30 de novembro de 2017. O projeto \u00e9 coordenado pela professora\u00a0. O bolsista participar\u00e1 do projeto \u201cSimula\u00e7\u00f5es de Software e Hardware [&hellip;]<\/p>\n","protected":false},"author":2,"featured_media":34767,"comment_status":"open","ping_status":"closed","sticky":false,"template":"","format":"standard","meta":{"tdm_status":"","tdm_grid_status":"","footnotes":""},"categories":[22,370,353],"tags":[],"class_list":{"0":"post-126799","1":"post","2":"type-post","3":"status-publish","4":"format-standard","5":"has-post-thumbnail","7":"category-brasil","8":"category-inscricao","9":"category-oportunidades"},"_links":{"self":[{"href":"https:\/\/migracao.redenoticia.com.br\/noticia\/wp-json\/wp\/v2\/posts\/126799","targetHints":{"allow":["GET"]}}],"collection":[{"href":"https:\/\/migracao.redenoticia.com.br\/noticia\/wp-json\/wp\/v2\/posts"}],"about":[{"href":"https:\/\/migracao.redenoticia.com.br\/noticia\/wp-json\/wp\/v2\/types\/post"}],"author":[{"embeddable":true,"href":"https:\/\/migracao.redenoticia.com.br\/noticia\/wp-json\/wp\/v2\/users\/2"}],"replies":[{"embeddable":true,"href":"https:\/\/migracao.redenoticia.com.br\/noticia\/wp-json\/wp\/v2\/comments?post=126799"}],"version-history":[{"count":0,"href":"https:\/\/migracao.redenoticia.com.br\/noticia\/wp-json\/wp\/v2\/posts\/126799\/revisions"}],"wp:featuredmedia":[{"embeddable":true,"href":"https:\/\/migracao.redenoticia.com.br\/noticia\/wp-json\/wp\/v2\/media\/34767"}],"wp:attachment":[{"href":"https:\/\/migracao.redenoticia.com.br\/noticia\/wp-json\/wp\/v2\/media?parent=126799"}],"wp:term":[{"taxonomy":"category","embeddable":true,"href":"https:\/\/migracao.redenoticia.com.br\/noticia\/wp-json\/wp\/v2\/categories?post=126799"},{"taxonomy":"post_tag","embeddable":true,"href":"https:\/\/migracao.redenoticia.com.br\/noticia\/wp-json\/wp\/v2\/tags?post=126799"}],"curies":[{"name":"wp","href":"https:\/\/api.w.org\/{rel}","templated":true}]}}