{"id":12682,"date":"2009-09-24T22:33:25","date_gmt":"2009-09-25T02:33:25","guid":{"rendered":"http:\/\/www.redenoticia.com.br\/noticia\/?p=12682"},"modified":"2009-09-24T22:33:25","modified_gmt":"2009-09-25T02:33:25","slug":"previsao-do-tempo-no-vale-do-paraiba-litoral-norte-e-serra-da-mantiqueira-de-25-a-2709","status":"publish","type":"post","link":"https:\/\/migracao.redenoticia.com.br\/noticia\/2009\/previsao-do-tempo-no-vale-do-paraiba-litoral-norte-e-serra-da-mantiqueira-de-25-a-2709\/12682","title":{"rendered":"Previs\u00e3o do tempo no Vale do Para\u00edba, Litoral Norte e Serra da Mantiqueira de 25 a 27\/09"},"content":{"rendered":"<p><strong>A previs\u00e3o do tempo no Vale do Para\u00edba, Litoral Norte e Serra da Mantiqueira<\/strong> indica que nesta sexta-feira (25\/09), o dia ser\u00e1 nublado com aberturas tempor\u00e1rios de sol, e chuvas fracas e isoladas ou chuvisco ocorrer\u00e3o na regi\u00e3o. As temperaturas m\u00ednimas estar\u00e3o em decl\u00ednio. \u00a0No s\u00e1bado (26\/09), o sol aparecer\u00e1 entre nuvens, e as chuvas voltar\u00e3o a ocorrer em forma de pancadas. As temperaturas estar\u00e3o em eleva\u00e7\u00e3o.\u00a0<\/p>\n<p>Tend\u00eancia para os pr\u00f3ximos dias:\u00a0No domingo (27\/09), a condi\u00e7\u00e3o de tempo n\u00e3o mudar\u00e1 muito, o sol aparecer\u00e1 entre nuvens, e haver\u00e1 possibilidades de pancadas de chuva no per\u00edodo da tarde. As temperaturas estar\u00e3o em eleva\u00e7\u00e3o. \u00a0Na segunda-feira (28\/09), o c\u00e9u estar\u00e1 nublado e ocorrer\u00e3o pancadas de chuva.<\/p>\n<p>O Centro de Previs\u00e3o de Tempo e Estudos Clim\u00e1ticos \u2013 CPTEC, do Instituto Nacional de Pesquisas Espaciais \u2013 INPE \u00e9 o passaporte do Brasil para o primeiro mundo das previs\u00f5es meteorol\u00f3gicas. Os supercomputadores vetoriais SX-6 e SX-4 fabricados pela NEC Corporation do Jap\u00e3o, possuem capacidade de processar at\u00e9 768 bilh\u00f5es e 16 bilh\u00f5es de opera\u00e7\u00f5es aritm\u00e9ticas em ponto flutuante por segundo respectivamente. Recentemente adquirido da \u201cNEC Corporation do Jap\u00e3o\u201d um cluster com 1100 processadores fabricado pela \u201cSUN Microsystem\u201d com a capacidade de processar at\u00e9 5.7 trilh\u00f5es de opera\u00e7\u00f5es aritm\u00e9ticas em ponto flutuante por segundo. Isso significa possibilidade de utilizar modelos num\u00e9ricos para simula\u00e7\u00e3o de tempo e clima, integrando informa\u00e7\u00f5es atmosf\u00e9ricas e oce\u00e2nicas. O resultado disso s\u00e3o previs\u00f5es de tempo confi\u00e1veis, para todo o pa\u00eds.\u00a0<\/p>\n<p>CPTEC\/INPE<\/p>\n","protected":false},"excerpt":{"rendered":"<p>A previs\u00e3o do tempo no Vale do Para\u00edba, Litoral Norte e Serra da Mantiqueira indica que nesta sexta-feira (25\/09), o dia ser\u00e1 nublado com aberturas tempor\u00e1rios de sol, e chuvas fracas e isoladas ou chuvisco ocorrer\u00e3o na regi\u00e3o. As temperaturas m\u00ednimas estar\u00e3o em decl\u00ednio. \u00a0No s\u00e1bado (26\/09), o sol aparecer\u00e1 entre nuvens, e as chuvas [&hellip;]<\/p>\n","protected":false},"author":3,"featured_media":0,"comment_status":"open","ping_status":"open","sticky":false,"template":"","format":"standard","meta":{"tdm_status":"","tdm_grid_status":"","footnotes":""},"categories":[22,327],"tags":[],"class_list":{"0":"post-12682","1":"post","2":"type-post","3":"status-publish","4":"format-standard","6":"category-brasil","7":"category-clima"},"_links":{"self":[{"href":"https:\/\/migracao.redenoticia.com.br\/noticia\/wp-json\/wp\/v2\/posts\/12682","targetHints":{"allow":["GET"]}}],"collection":[{"href":"https:\/\/migracao.redenoticia.com.br\/noticia\/wp-json\/wp\/v2\/posts"}],"about":[{"href":"https:\/\/migracao.redenoticia.com.br\/noticia\/wp-json\/wp\/v2\/types\/post"}],"author":[{"embeddable":true,"href":"https:\/\/migracao.redenoticia.com.br\/noticia\/wp-json\/wp\/v2\/users\/3"}],"replies":[{"embeddable":true,"href":"https:\/\/migracao.redenoticia.com.br\/noticia\/wp-json\/wp\/v2\/comments?post=12682"}],"version-history":[{"count":0,"href":"https:\/\/migracao.redenoticia.com.br\/noticia\/wp-json\/wp\/v2\/posts\/12682\/revisions"}],"wp:attachment":[{"href":"https:\/\/migracao.redenoticia.com.br\/noticia\/wp-json\/wp\/v2\/media?parent=12682"}],"wp:term":[{"taxonomy":"category","embeddable":true,"href":"https:\/\/migracao.redenoticia.com.br\/noticia\/wp-json\/wp\/v2\/categories?post=12682"},{"taxonomy":"post_tag","embeddable":true,"href":"https:\/\/migracao.redenoticia.com.br\/noticia\/wp-json\/wp\/v2\/tags?post=12682"}],"curies":[{"name":"wp","href":"https:\/\/api.w.org\/{rel}","templated":true}]}}