{"id":126919,"date":"2017-11-27T00:42:38","date_gmt":"2017-11-27T02:42:38","guid":{"rendered":"https:\/\/www.redenoticia.com.br\/noticia\/?p=126919"},"modified":"2017-11-27T00:42:38","modified_gmt":"2017-11-27T02:42:38","slug":"usp-e-ufscar-abrem-processo-seletivo-para-mestrado-em-estatistica","status":"publish","type":"post","link":"https:\/\/migracao.redenoticia.com.br\/noticia\/2017\/usp-e-ufscar-abrem-processo-seletivo-para-mestrado-em-estatistica\/126919","title":{"rendered":"USP e UFSCar abrem processo seletivo para mestrado em estat\u00edstica"},"content":{"rendered":"<p> Ag\u00eancia FAPESP\u00a0\u2013 O Programa Interinstitucional de P\u00f3s-Gradua\u00e7\u00e3o em Estat\u00edstica (PIPGEs) da USP e da Universidade Federal de S\u00e3o Carlos (UFSCar) est\u00e1 com inscri\u00e7\u00f5es abertas at\u00e9 29 de novembro de 2017 para <strong><em>mestrado<\/em><\/strong> com in\u00edcio no primeiro semestre de 2018. S\u00e3o disponibilizadas at\u00e9 30 vagas para o programa, que \u00e9 oferecido em parceria pelo Instituto de Ci\u00eancias Matem\u00e1ticas e de Computa\u00e7\u00e3o (ICMC) da USP e a UFSCar.<\/p>\n<p>Os candidatos dever\u00e3o se inscrever no sistema de Inscri\u00e7\u00e3o de Processo Seletivo dispon\u00edvel no\u00a0. No ato da realiza\u00e7\u00e3o da inscri\u00e7\u00e3o dever\u00e3o ser preenchidas pelo candidato as informa\u00e7\u00f5es solicitadas. Al\u00e9m disso, os candidatos poder\u00e3o participar do\u00a0.<\/p>\n<p>A sele\u00e7\u00e3o ser\u00e1 coordenada pela Comiss\u00e3o Coordenadora de Programa do PIPGE. O curso de mestrado est\u00e1 aberto a alunos graduados em n\u00edvel superior em Estat\u00edstica, Matem\u00e1tica, Ci\u00eancia da Computa\u00e7\u00e3o, F\u00edsica e \u00e1reas afins. A admiss\u00e3o \u00e9 feita por processo seletivo com base em an\u00e1lise da forma\u00e7\u00e3o acad\u00eamica (hist\u00f3rico do curso de gradua\u00e7\u00e3o e hist\u00f3rico de p\u00f3s-gradua\u00e7\u00e3o, se houver), an\u00e1lise de curriculum vitae e desempenho no Curso de Ver\u00e3o em Teoria das Probabilidades.<\/p>\n<p>A divulga\u00e7\u00e3o do resultado final, com convocados para a matr\u00edcula e lista de espera, caso haja, est\u00e1 prevista para ocorrer at\u00e9 o dia 16 de fevereiro de 2018.<\/p>\n<p>Mais informa\u00e7\u00f5es sobre a inscri\u00e7\u00e3o e o processo seletivo est\u00e3o dispon\u00edveis no edital em\u00a0.<\/p>\n","protected":false},"excerpt":{"rendered":"<p>Ag\u00eancia FAPESP\u00a0\u2013 O Programa Interinstitucional de P\u00f3s-Gradua\u00e7\u00e3o em Estat\u00edstica (PIPGEs) da USP e da Universidade Federal de S\u00e3o Carlos (UFSCar) est\u00e1 com inscri\u00e7\u00f5es abertas at\u00e9 29 de novembro de 2017 para mestrado com in\u00edcio no primeiro semestre de 2018. S\u00e3o disponibilizadas at\u00e9 30 vagas para o programa, que \u00e9 oferecido em parceria pelo Instituto de [&hellip;]<\/p>\n","protected":false},"author":2,"featured_media":36246,"comment_status":"open","ping_status":"closed","sticky":false,"template":"","format":"standard","meta":{"tdm_status":"","tdm_grid_status":"","footnotes":""},"categories":[22,351,370],"tags":[],"class_list":{"0":"post-126919","1":"post","2":"type-post","3":"status-publish","4":"format-standard","5":"has-post-thumbnail","7":"category-brasil","8":"category-cursos","9":"category-inscricao"},"_links":{"self":[{"href":"https:\/\/migracao.redenoticia.com.br\/noticia\/wp-json\/wp\/v2\/posts\/126919","targetHints":{"allow":["GET"]}}],"collection":[{"href":"https:\/\/migracao.redenoticia.com.br\/noticia\/wp-json\/wp\/v2\/posts"}],"about":[{"href":"https:\/\/migracao.redenoticia.com.br\/noticia\/wp-json\/wp\/v2\/types\/post"}],"author":[{"embeddable":true,"href":"https:\/\/migracao.redenoticia.com.br\/noticia\/wp-json\/wp\/v2\/users\/2"}],"replies":[{"embeddable":true,"href":"https:\/\/migracao.redenoticia.com.br\/noticia\/wp-json\/wp\/v2\/comments?post=126919"}],"version-history":[{"count":0,"href":"https:\/\/migracao.redenoticia.com.br\/noticia\/wp-json\/wp\/v2\/posts\/126919\/revisions"}],"wp:featuredmedia":[{"embeddable":true,"href":"https:\/\/migracao.redenoticia.com.br\/noticia\/wp-json\/wp\/v2\/media\/36246"}],"wp:attachment":[{"href":"https:\/\/migracao.redenoticia.com.br\/noticia\/wp-json\/wp\/v2\/media?parent=126919"}],"wp:term":[{"taxonomy":"category","embeddable":true,"href":"https:\/\/migracao.redenoticia.com.br\/noticia\/wp-json\/wp\/v2\/categories?post=126919"},{"taxonomy":"post_tag","embeddable":true,"href":"https:\/\/migracao.redenoticia.com.br\/noticia\/wp-json\/wp\/v2\/tags?post=126919"}],"curies":[{"name":"wp","href":"https:\/\/api.w.org\/{rel}","templated":true}]}}