{"id":126921,"date":"2017-11-27T00:43:27","date_gmt":"2017-11-27T02:43:27","guid":{"rendered":"https:\/\/www.redenoticia.com.br\/noticia\/?p=126921"},"modified":"2017-11-27T00:43:27","modified_gmt":"2017-11-27T02:43:27","slug":"bolsa-de-jornalismo-cientifico-em-fisica-teorica-no-ictp-saifr","status":"publish","type":"post","link":"https:\/\/migracao.redenoticia.com.br\/noticia\/2017\/bolsa-de-jornalismo-cientifico-em-fisica-teorica-no-ictp-saifr\/126921","title":{"rendered":"Bolsa de jornalismo cient\u00edfico em F\u00edsica Te\u00f3rica no ICTP-SAIFR"},"content":{"rendered":"<p> Ag\u00eancia FAPESP\u00a0\u2013 O Instituto Sul-Americano para Pesquisa Fundamental (), um centro de excel\u00eancia em f\u00edsica te\u00f3rica, disp\u00f5e de uma Bolsa da FAPESP de <strong><em>Jornalismo Cient\u00edfico<\/em><\/strong>. O prazo de inscri\u00e7\u00e3o termina no dia 30 de novembro de 2017.<\/p>\n<p>Criado em parceria com o International Centre for Theoretical Physics (ICTP) em Trieste, com\u00a0, o centro est\u00e1 instalado no campus do Instituto de F\u00edsica Te\u00f3rica da Unesp, em S\u00e3o Paulo.<\/p>\n<p>O jornalista trabalhar\u00e1 junto \u00e0 ger\u00eancia executiva e dire\u00e7\u00e3o do ICTP-SAIFR e realizar\u00e1 as seguintes tarefas: 1) produzir conte\u00fado em ingl\u00eas e portugu\u00eas para o site do ICTP-SAIFR; 2) entrevistar pesquisadores e visitantes do ICTP-SAIFR e escrever mat\u00e9rias sobre pesquisas realizadas e eventos do ICTP-SAIFR para o\u00a0Jornal Unesp; 3) produzir conte\u00fado que possa ser utilizado em grandes jornais; 4) escrever artigos de divulga\u00e7\u00e3o sobre o ICTP-SAIFR; 5) publicar em m\u00eddias sociais (Twitter, Facebook); 6) traduzir material pedag\u00f3gico preparado pelo Instituto Perimeter (Canad\u00e1) do ingl\u00eas para o portugu\u00eas.<\/p>\n<p>O candidato deve estar cursando ou j\u00e1 ter conclu\u00eddo um curso de introdu\u00e7\u00e3o ao jornalismo cient\u00edfico. Os interessados devem preencher uma aplica\u00e7\u00e3o\u00a0\u00a0(em ingl\u00eas).<\/p>\n<p>Mais informa\u00e7\u00f5es sobre a vaga est\u00e3o dispon\u00edveis em\u00a0.<\/p>\n<p>A bolsa de jornalismo cient\u00edfico da FAPESP \u00e9 do n\u00edvel JC-2 para alunos com diploma de curso superior, com valor mensal de R$ 1.988,10. O candidato aprovado poder\u00e1 iniciar suas atividades em qualquer per\u00edodo ap\u00f3s 1\u00ba de janeiro de 2018 e a bolsa pode ser estendida por at\u00e9 12 meses.<\/p>\n<p>Para mais informa\u00e7\u00f5es sobre o Programa Jos\u00e9 Reis de Incentivo ao Jornalismo Cient\u00edfico da FAPESP acesse.<\/p>\n<p>Outras vagas de bolsas, em diversas \u00e1reas do conhecimento, est\u00e3o no site FAPESP-Oportunidades, em\u00a0.<\/p>\n","protected":false},"excerpt":{"rendered":"<p>Ag\u00eancia FAPESP\u00a0\u2013 O Instituto Sul-Americano para Pesquisa Fundamental (), um centro de excel\u00eancia em f\u00edsica te\u00f3rica, disp\u00f5e de uma Bolsa da FAPESP de Jornalismo Cient\u00edfico. O prazo de inscri\u00e7\u00e3o termina no dia 30 de novembro de 2017. Criado em parceria com o International Centre for Theoretical Physics (ICTP) em Trieste, com\u00a0, o centro est\u00e1 instalado [&hellip;]<\/p>\n","protected":false},"author":2,"featured_media":36248,"comment_status":"open","ping_status":"closed","sticky":false,"template":"","format":"standard","meta":{"tdm_status":"","tdm_grid_status":"","footnotes":""},"categories":[22,351,370],"tags":[],"class_list":{"0":"post-126921","1":"post","2":"type-post","3":"status-publish","4":"format-standard","5":"has-post-thumbnail","7":"category-brasil","8":"category-cursos","9":"category-inscricao"},"_links":{"self":[{"href":"https:\/\/migracao.redenoticia.com.br\/noticia\/wp-json\/wp\/v2\/posts\/126921","targetHints":{"allow":["GET"]}}],"collection":[{"href":"https:\/\/migracao.redenoticia.com.br\/noticia\/wp-json\/wp\/v2\/posts"}],"about":[{"href":"https:\/\/migracao.redenoticia.com.br\/noticia\/wp-json\/wp\/v2\/types\/post"}],"author":[{"embeddable":true,"href":"https:\/\/migracao.redenoticia.com.br\/noticia\/wp-json\/wp\/v2\/users\/2"}],"replies":[{"embeddable":true,"href":"https:\/\/migracao.redenoticia.com.br\/noticia\/wp-json\/wp\/v2\/comments?post=126921"}],"version-history":[{"count":0,"href":"https:\/\/migracao.redenoticia.com.br\/noticia\/wp-json\/wp\/v2\/posts\/126921\/revisions"}],"wp:featuredmedia":[{"embeddable":true,"href":"https:\/\/migracao.redenoticia.com.br\/noticia\/wp-json\/wp\/v2\/media\/36248"}],"wp:attachment":[{"href":"https:\/\/migracao.redenoticia.com.br\/noticia\/wp-json\/wp\/v2\/media?parent=126921"}],"wp:term":[{"taxonomy":"category","embeddable":true,"href":"https:\/\/migracao.redenoticia.com.br\/noticia\/wp-json\/wp\/v2\/categories?post=126921"},{"taxonomy":"post_tag","embeddable":true,"href":"https:\/\/migracao.redenoticia.com.br\/noticia\/wp-json\/wp\/v2\/tags?post=126921"}],"curies":[{"name":"wp","href":"https:\/\/api.w.org\/{rel}","templated":true}]}}