{"id":126958,"date":"2017-11-27T16:05:18","date_gmt":"2017-11-27T18:05:18","guid":{"rendered":"https:\/\/www.redenoticia.com.br\/noticia\/?p=126958"},"modified":"2017-11-27T16:27:08","modified_gmt":"2017-11-27T18:27:08","slug":"resumo-novela-carinha-de-anjo-28-11-gustavo-termina-com-veronica","status":"publish","type":"post","link":"https:\/\/migracao.redenoticia.com.br\/noticia\/2017\/resumo-novela-carinha-de-anjo-28-11-gustavo-termina-com-veronica\/126958","title":{"rendered":"Resumo novela \u201cCarinha de Anjo\u201d 28\/11: Gustavo termina com Ver\u00f4nica"},"content":{"rendered":"<p><img loading=\"lazy\" decoding=\"async\" class=\"alignleft size-thumbnail wp-image-99331\" src=\"https:\/\/migracao.redenoticia.com.br\/noticia\/imagens\/carinha_de_anjo_sbt_novela_resumo_capitulo-150x112.jpg\" alt=\"carinha_de_anjo_sbt_novela_resumo_capitulo\" width=\"150\" height=\"112\" srcset=\"https:\/\/migracao.redenoticia.com.br\/noticia\/imagens\/carinha_de_anjo_sbt_novela_resumo_capitulo-150x112.jpg 150w, https:\/\/migracao.redenoticia.com.br\/noticia\/imagens\/carinha_de_anjo_sbt_novela_resumo_capitulo-265x198.jpg 265w\" sizes=\"auto, (max-width: 150px) 100vw, 150px\" \/><strong><em>Resumo novela \u201cCarinha de Anjo\u201d 28\/11<\/em><\/strong>: no cap\u00edtulo 267(*) da novela \u201cCarinha de Anjo\u201d, resumo de ter\u00e7a-feira, 28 de novembro, Dulce diz para Cec\u00edlia que se ela ficou triste ao pensar que Gustavo se casaria \u00e9 porque gosta dele. Gustavo recebe Ver\u00f4nica em sua casa e pergunta sobre o jantar com Lucas. A s\u00f3s com Cec\u00edlia, Estef\u00e2nia conta o que viu no restaurante e diz que Gustavo terminar\u00e1 o namoro com Ver\u00f4nica. Ver\u00f4nica diz a Gustavo que ela n\u00e3o est\u00e1 lhe traindo. <\/p>\n<p>Mesmo assim, Gustavo diz que n\u00e3o a ama e seu relacionamento \u00e9 uma mentira. Ele d\u00e1 uma bronca nela pelo que ela fez com Cec\u00edlia e diz que o que mais quer \u00e9 se casar com a ex-novi\u00e7a. Ver\u00f4nica diz que depois de tudo o que conversaram n\u00e3o faz mais sentido ela trabalhar com Gustavo nem morar em Doce Horizonte. F\u00e1tima diz para Dulce que Cecilia tem uma baixa autoestima, e que faria bem para ela mudar o visual. Madre comunica oficialmente que os meninos participar\u00e3o das aulas de futebol no col\u00e9gio.<\/p>\n<p>(*) edi\u00e7\u00e3o do SBT, Novela \u201cCarinha de Anjo\u201d, sujeito a altera\u00e7\u00e3o de data e conte\u00fado.<\/p>\n<p>Carinha de Anjo \u00e9 uma telenovela brasileira produzida e exibida originalmente pelo SBT desde o dia 21 de novembro de 2016, substituindo o hor\u00e1rio anteriormente ocupado por C\u00famplices de um Resgate. A telenovela \u00e9 inspirada na mexicana Carita de \u00e1ngel, que, por sua vez, \u00e9 um remake de Mundo de juguete, ambas produzidas pela Televisa e que haviam sido baseadas na trama argentina escrita por Abel Santa Cruz, Pap\u00e1 coraz\u00f3n. Esta ser\u00e1 a segunda adapta\u00e7\u00e3o brasileira da obra original argentina, visto que a Rede Tupi apresentou em 1976 a sua primeira vers\u00e3o, chamada de Papai Cora\u00e7\u00e3o. A nova vers\u00e3o \u00e9 escrita por Leonor Corr\u00eaa, com supervis\u00e3o de \u00cdris Abravanel e dire\u00e7\u00e3o geral de Ricardo Mantoanelli. A trama conta com Lorena Queiroz, Bia Arantes, Carlo Porto, Priscila Sol, Dani Gondim, Karin Hils, Eliana Guttman e Lucero nos pap\u00e9is principais.<\/p>\n","protected":false},"excerpt":{"rendered":"<p>Resumo novela \u201cCarinha de Anjo\u201d 28\/11: no cap\u00edtulo 267(*) da novela \u201cCarinha de Anjo\u201d, resumo de ter\u00e7a-feira, 28 de novembro, Dulce diz para Cec\u00edlia que se ela ficou triste ao pensar que Gustavo se casaria \u00e9 porque gosta dele. Gustavo recebe Ver\u00f4nica em sua casa e pergunta sobre o jantar com Lucas. A s\u00f3s com [&hellip;]<\/p>\n","protected":false},"author":4,"featured_media":99331,"comment_status":"open","ping_status":"closed","sticky":false,"template":"","format":"standard","meta":{"tdm_status":"","tdm_grid_status":"","footnotes":""},"categories":[452,379,372,343],"tags":[441],"class_list":{"0":"post-126958","1":"post","2":"type-post","3":"status-publish","4":"format-standard","5":"has-post-thumbnail","7":"category-carinha-de-anjo","8":"category-novelas","9":"category-sbt","10":"category-televisao","11":"tag-resumo-do-dia"},"_links":{"self":[{"href":"https:\/\/migracao.redenoticia.com.br\/noticia\/wp-json\/wp\/v2\/posts\/126958","targetHints":{"allow":["GET"]}}],"collection":[{"href":"https:\/\/migracao.redenoticia.com.br\/noticia\/wp-json\/wp\/v2\/posts"}],"about":[{"href":"https:\/\/migracao.redenoticia.com.br\/noticia\/wp-json\/wp\/v2\/types\/post"}],"author":[{"embeddable":true,"href":"https:\/\/migracao.redenoticia.com.br\/noticia\/wp-json\/wp\/v2\/users\/4"}],"replies":[{"embeddable":true,"href":"https:\/\/migracao.redenoticia.com.br\/noticia\/wp-json\/wp\/v2\/comments?post=126958"}],"version-history":[{"count":0,"href":"https:\/\/migracao.redenoticia.com.br\/noticia\/wp-json\/wp\/v2\/posts\/126958\/revisions"}],"wp:featuredmedia":[{"embeddable":true,"href":"https:\/\/migracao.redenoticia.com.br\/noticia\/wp-json\/wp\/v2\/media\/99331"}],"wp:attachment":[{"href":"https:\/\/migracao.redenoticia.com.br\/noticia\/wp-json\/wp\/v2\/media?parent=126958"}],"wp:term":[{"taxonomy":"category","embeddable":true,"href":"https:\/\/migracao.redenoticia.com.br\/noticia\/wp-json\/wp\/v2\/categories?post=126958"},{"taxonomy":"post_tag","embeddable":true,"href":"https:\/\/migracao.redenoticia.com.br\/noticia\/wp-json\/wp\/v2\/tags?post=126958"}],"curies":[{"name":"wp","href":"https:\/\/api.w.org\/{rel}","templated":true}]}}