{"id":126961,"date":"2017-11-27T16:06:33","date_gmt":"2017-11-27T18:06:33","guid":{"rendered":"https:\/\/www.redenoticia.com.br\/noticia\/?p=126961"},"modified":"2017-11-27T16:27:34","modified_gmt":"2017-11-27T18:27:34","slug":"resumo-novela-chiquititas-28-11-duda-quer-voltar-a-morar-no-orfanato","status":"publish","type":"post","link":"https:\/\/migracao.redenoticia.com.br\/noticia\/2017\/resumo-novela-chiquititas-28-11-duda-quer-voltar-a-morar-no-orfanato\/126961","title":{"rendered":"Resumo novela \u201cChiquititas\u201d 28\/11: Duda quer voltar a morar no orfanato"},"content":{"rendered":"<p><img loading=\"lazy\" decoding=\"async\" class=\"alignleft size-thumbnail wp-image-49690\" src=\"https:\/\/migracao.redenoticia.com.br\/noticia\/imagens\/chiquititas1-150x112.jpg\" alt=\"chiquititas\" width=\"150\" height=\"112\" \/><strong><em>Resumo novela \u201cChiquititas\u201d 28\/11<\/em><\/strong>: no cap\u00edtulo 316(*) da novela \u201cChiquititas\u201d, resumo de ter\u00e7a-feira, 28 de novembro, Carmen vai ao orfanato e conta para Matilde que Cintia voltou. Maria conta para Tati, Teca e Ana que foi Marian quem colocou o dinheiro em sua boneca. Matilde diz para Carmen que Marian \u00e9 uma pequena bem malvada. Teca conta para Marian que Maria est\u00e1 espalhando que ela foi quem colocou o dinheiro na boneca. JP vai ao orfanato e diz que com o sucesso do CD ele sair\u00e1 em turn\u00ea e ficar\u00e1 um bom tempo fora. Mosca vai abrir a porta e \u00e9 Duda. Os tr\u00eas ficam diante de Mili. <\/p>\n<p>JP e Mosca discutem. As meninas falam para Junior sobre o que fizeram para ajudar o Caf\u00e9 Boutique. No orfanato, Mili diz para Pata que os tr\u00eas meninos come\u00e7aram a discutir na sala. Pata pergunta se ela sente algo por Duda e Mili garante que n\u00e3o gosta de Duda e nem de JP, apenas de Mosca. Pata fica feliz com a not\u00edcia, pois est\u00e1 interessada em Duda. Carol diz para Junior que Dani quer voltar a morar no orfanato, pois n\u00e3o est\u00e1 sendo bem tratada pelo pai. Carol pergunta se n\u00e3o h\u00e1 como ela tentar conseguir a guarda da menina. Marian rouba a boneca Laura e for\u00e7a Maria a assumir a culpa por ter pego o dinheiro. Maria pensa em contar a verdade para Carol, mas fica com medo de Marian e desiste.<\/p>\n<p>(*) edi\u00e7\u00e3o do SBT, Novela \u201cChiquititas\u201d, sujeito a altera\u00e7\u00e3o de data e conte\u00fado.<\/p>\n<p>Chiquititas gira em torno do orfanato Raio de Luz, que carrega em sua hist\u00f3ria um grande segredo envolvendo a fam\u00edlia e o dono do orfanato, Dr. Jos\u00e9 Ricardo Almeida Campos. Em um per\u00edodo anterior \u00e0 novela, exatos treze anos, sua filha Gabriela se apaixonou e ficou gr\u00e1vida de Miguel, filho de Valentina, empregada da casa dos Almeida Campos. Pouco depois, Jos\u00e9 Ricardo sequestrou sua neta, pois, como um homem conservador, ele n\u00e3o aceitava a ideia de que sua filha se envolvesse com um empregado. Como sua neta, Milena, apelidada como Mili, precisava de um lugar para morar, ele comprou um casar\u00e3o e fundou um orfanato, o Raio de Luz. Mili cresceu l\u00e1 com outras garotas que chegaram posteriormente: Bia, Ana, as irm\u00e3s Tati e Vivi, e Cris. Ao decorrer dos anos, elas se tornam uma fam\u00edlia. Elas s\u00e3o supervisionadas por Ernestina, zeladora do orfanato, e Chico, o cozinheiro amado pelas internas. Sofia, ex-governanta da fam\u00edlia Almeida Campos, \u00e9 a diretora do lugar, at\u00e9 que Carmem, irm\u00e3 de Jos\u00e9 Ricardo, entre em seu lugar. Chegam ainda mais \u00f3rf\u00e3os: Pata, Mosca, Binho e Rafa, que viviam nas ruas antes de entrarem na institui\u00e7\u00e3o. Pata e Mili tornam-se amigas rapidamente, enquanto Mosca, Binho e Rafa s\u00e3o os primeiros garotos a entrar no abrigo. As crian\u00e7as sem-teto foram ajudadas por uma doce e bela garota que tocam e mudam a vida delas, assim como as das garotas \u00f3rf\u00e3s.<\/p>\n","protected":false},"excerpt":{"rendered":"<p>Resumo novela \u201cChiquititas\u201d 28\/11: no cap\u00edtulo 316(*) da novela \u201cChiquititas\u201d, resumo de ter\u00e7a-feira, 28 de novembro, Carmen vai ao orfanato e conta para Matilde que Cintia voltou. Maria conta para Tati, Teca e Ana que foi Marian quem colocou o dinheiro em sua boneca. Matilde diz para Carmen que Marian \u00e9 uma pequena bem malvada. [&hellip;]<\/p>\n","protected":false},"author":4,"featured_media":46455,"comment_status":"open","ping_status":"closed","sticky":false,"template":"","format":"standard","meta":{"tdm_status":"","tdm_grid_status":"","footnotes":""},"categories":[409,379,372,343],"tags":[441],"class_list":{"0":"post-126961","1":"post","2":"type-post","3":"status-publish","4":"format-standard","5":"has-post-thumbnail","7":"category-chiquititas","8":"category-novelas","9":"category-sbt","10":"category-televisao","11":"tag-resumo-do-dia"},"_links":{"self":[{"href":"https:\/\/migracao.redenoticia.com.br\/noticia\/wp-json\/wp\/v2\/posts\/126961","targetHints":{"allow":["GET"]}}],"collection":[{"href":"https:\/\/migracao.redenoticia.com.br\/noticia\/wp-json\/wp\/v2\/posts"}],"about":[{"href":"https:\/\/migracao.redenoticia.com.br\/noticia\/wp-json\/wp\/v2\/types\/post"}],"author":[{"embeddable":true,"href":"https:\/\/migracao.redenoticia.com.br\/noticia\/wp-json\/wp\/v2\/users\/4"}],"replies":[{"embeddable":true,"href":"https:\/\/migracao.redenoticia.com.br\/noticia\/wp-json\/wp\/v2\/comments?post=126961"}],"version-history":[{"count":0,"href":"https:\/\/migracao.redenoticia.com.br\/noticia\/wp-json\/wp\/v2\/posts\/126961\/revisions"}],"wp:featuredmedia":[{"embeddable":true,"href":"https:\/\/migracao.redenoticia.com.br\/noticia\/wp-json\/wp\/v2\/media\/46455"}],"wp:attachment":[{"href":"https:\/\/migracao.redenoticia.com.br\/noticia\/wp-json\/wp\/v2\/media?parent=126961"}],"wp:term":[{"taxonomy":"category","embeddable":true,"href":"https:\/\/migracao.redenoticia.com.br\/noticia\/wp-json\/wp\/v2\/categories?post=126961"},{"taxonomy":"post_tag","embeddable":true,"href":"https:\/\/migracao.redenoticia.com.br\/noticia\/wp-json\/wp\/v2\/tags?post=126961"}],"curies":[{"name":"wp","href":"https:\/\/api.w.org\/{rel}","templated":true}]}}