{"id":127239,"date":"2017-11-29T16:43:52","date_gmt":"2017-11-29T18:43:52","guid":{"rendered":"https:\/\/www.redenoticia.com.br\/noticia\/?p=127239"},"modified":"2017-12-01T18:08:50","modified_gmt":"2017-12-01T20:08:50","slug":"resumo-novela-chiquititas-30-11-miguel-deixa-uma-rosa-branca-para-mili","status":"publish","type":"post","link":"https:\/\/migracao.redenoticia.com.br\/noticia\/2017\/resumo-novela-chiquititas-30-11-miguel-deixa-uma-rosa-branca-para-mili\/127239","title":{"rendered":"Resumo novela \u201cChiquititas\u201d 30\/11: Miguel deixa uma rosa branca para Mili"},"content":{"rendered":"<p> <img loading=\"lazy\" decoding=\"async\" class=\"alignleft size-thumbnail wp-image-49690\" src=\"https:\/\/migracao.redenoticia.com.br\/noticia\/imagens\/chiquititas1-150x112.jpg\" alt=\"chiquititas\" width=\"150\" height=\"112\" \/><strong><em>Resumo novela \u201cChiquititas\u201d 30\/11<\/em><\/strong>: no cap\u00edtulo 318(*) da novela \u201cChiquititas\u201d, resumo de quinta-feira, 30 de novembro, na escola haver\u00e1 um torneio de Artes Marciais. Mosca, Rafa e Binho querem participar, mas precisam de mais meninos para a equipe. Eles convidam Duda e o pequeno oriental F\u00e1bio. Os dois aceitam integrar a equipe deles. Na casa de Bruno, a empregada Graziele atende telefone e n\u00e3o deixa Carol conversar com Dani. A mulher segura a menina. Mais tarde, ligam para Carol da ag\u00eancia de modelos com uma proposta de trabalho para Vivi. Carol avisa para Vivi que um representante de uma marca do Rio Grande do Sul viu o trabalho dela e se interessou em fazer dela a garota propaganda. Vivi fica feliz. <\/p>\n<p>Carol conta que eles arcam com todas as despesas, por\u00e9m ela ter\u00e1 que ir sozinha e precisar\u00e1 morar l\u00e1 por um ano. Mili est\u00e1 aflita por estar sem inspira\u00e7\u00e3o para escrever. Miguel aproveita que Mili dorme no p\u00e1tio e deixa uma rosa branca ao lado dela com um bilhete dizendo que a flor \u00e9 para ajud\u00e1-la a voltar com a inspira\u00e7\u00e3o. Carmen manda Armando continuar com a farsa para deixar as vagas lembran\u00e7as de Gabriela ainda mais confusas. Gabriela est\u00e1 sem mem\u00f3ria e pensa se chamar Sofia. Os meninos come\u00e7am a treinar para o torneio de Artes Marciais. Maria Cec\u00edlia se incomoda com o excesso de bagun\u00e7a que seu rec\u00e9m marido, Tobias, anda deixando no apartamento. Tati n\u00e3o aceita bem a not\u00edcia do trabalho de modelo de Vivi e fica triste.<\/p>\n<p>(*) edi\u00e7\u00e3o do SBT, Novela \u201cChiquititas\u201d, sujeito a altera\u00e7\u00e3o de data e conte\u00fado.<\/p>\n<p>Chiquititas gira em torno do orfanato Raio de Luz, que carrega em sua hist\u00f3ria um grande segredo envolvendo a fam\u00edlia e o dono do orfanato, Dr. Jos\u00e9 Ricardo Almeida Campos. Em um per\u00edodo anterior \u00e0 novela, exatos treze anos, sua filha Gabriela se apaixonou e ficou gr\u00e1vida de Miguel, filho de Valentina, empregada da casa dos Almeida Campos. Pouco depois, Jos\u00e9 Ricardo sequestrou sua neta, pois, como um homem conservador, ele n\u00e3o aceitava a ideia de que sua filha se envolvesse com um empregado. Como sua neta, Milena, apelidada como Mili, precisava de um lugar para morar, ele comprou um casar\u00e3o e fundou um orfanato, o Raio de Luz. Mili cresceu l\u00e1 com outras garotas que chegaram posteriormente: Bia, Ana, as irm\u00e3s Tati e Vivi, e Cris. Ao decorrer dos anos, elas se tornam uma fam\u00edlia. Elas s\u00e3o supervisionadas por Ernestina, zeladora do orfanato, e Chico, o cozinheiro amado pelas internas. Sofia, ex-governanta da fam\u00edlia Almeida Campos, \u00e9 a diretora do lugar, at\u00e9 que Carmem, irm\u00e3 de Jos\u00e9 Ricardo, entre em seu lugar. Chegam ainda mais \u00f3rf\u00e3os: Pata, Mosca, Binho e Rafa, que viviam nas ruas antes de entrarem na institui\u00e7\u00e3o. Pata e Mili tornam-se amigas rapidamente, enquanto Mosca, Binho e Rafa s\u00e3o os primeiros garotos a entrar no abrigo. As crian\u00e7as sem-teto foram ajudadas por uma doce e bela garota que tocam e mudam a vida delas, assim como as das garotas \u00f3rf\u00e3s.<\/p>\n","protected":false},"excerpt":{"rendered":"<p>Resumo novela \u201cChiquititas\u201d 30\/11: no cap\u00edtulo 318(*) da novela \u201cChiquititas\u201d, resumo de quinta-feira, 30 de novembro, na escola haver\u00e1 um torneio de Artes Marciais. Mosca, Rafa e Binho querem participar, mas precisam de mais meninos para a equipe. Eles convidam Duda e o pequeno oriental F\u00e1bio. Os dois aceitam integrar a equipe deles. Na casa [&hellip;]<\/p>\n","protected":false},"author":2,"featured_media":49690,"comment_status":"closed","ping_status":"closed","sticky":false,"template":"","format":"standard","meta":{"tdm_status":"","tdm_grid_status":"","footnotes":""},"categories":[409,379,372,343],"tags":[441],"class_list":{"0":"post-127239","1":"post","2":"type-post","3":"status-publish","4":"format-standard","5":"has-post-thumbnail","7":"category-chiquititas","8":"category-novelas","9":"category-sbt","10":"category-televisao","11":"tag-resumo-do-dia"},"_links":{"self":[{"href":"https:\/\/migracao.redenoticia.com.br\/noticia\/wp-json\/wp\/v2\/posts\/127239","targetHints":{"allow":["GET"]}}],"collection":[{"href":"https:\/\/migracao.redenoticia.com.br\/noticia\/wp-json\/wp\/v2\/posts"}],"about":[{"href":"https:\/\/migracao.redenoticia.com.br\/noticia\/wp-json\/wp\/v2\/types\/post"}],"author":[{"embeddable":true,"href":"https:\/\/migracao.redenoticia.com.br\/noticia\/wp-json\/wp\/v2\/users\/2"}],"replies":[{"embeddable":true,"href":"https:\/\/migracao.redenoticia.com.br\/noticia\/wp-json\/wp\/v2\/comments?post=127239"}],"version-history":[{"count":0,"href":"https:\/\/migracao.redenoticia.com.br\/noticia\/wp-json\/wp\/v2\/posts\/127239\/revisions"}],"wp:featuredmedia":[{"embeddable":true,"href":"https:\/\/migracao.redenoticia.com.br\/noticia\/wp-json\/wp\/v2\/media\/49690"}],"wp:attachment":[{"href":"https:\/\/migracao.redenoticia.com.br\/noticia\/wp-json\/wp\/v2\/media?parent=127239"}],"wp:term":[{"taxonomy":"category","embeddable":true,"href":"https:\/\/migracao.redenoticia.com.br\/noticia\/wp-json\/wp\/v2\/categories?post=127239"},{"taxonomy":"post_tag","embeddable":true,"href":"https:\/\/migracao.redenoticia.com.br\/noticia\/wp-json\/wp\/v2\/tags?post=127239"}],"curies":[{"name":"wp","href":"https:\/\/api.w.org\/{rel}","templated":true}]}}