{"id":127260,"date":"2017-11-30T00:51:36","date_gmt":"2017-11-30T02:51:36","guid":{"rendered":"https:\/\/www.redenoticia.com.br\/noticia\/?p=127260"},"modified":"2017-12-01T18:08:33","modified_gmt":"2017-12-01T20:08:33","slug":"poli-usp-abre-inscricoes-para-curso-de-especializacao-em-engenharia-automotiva-2","status":"publish","type":"post","link":"https:\/\/migracao.redenoticia.com.br\/noticia\/2017\/poli-usp-abre-inscricoes-para-curso-de-especializacao-em-engenharia-automotiva-2\/127260","title":{"rendered":"Poli-USP abre inscri\u00e7\u00f5es para curso de especializa\u00e7\u00e3o em Engenharia Automotiva"},"content":{"rendered":"<p> Ag\u00eancia FAPESP\u00a0\u2013 O Centro de Engenharia Automotiva (CEA) da Escola Polit\u00e9cnica da Universidade de S\u00e3o Paulo (Poli-USP) est\u00e1 com inscri\u00e7\u00f5es abertas at\u00e9 1\u00ba de dezembro de 2017 para a turma 2018 do <strong><em>curso de Especializa\u00e7\u00e3o em Engenharia Automotiva<\/em><\/strong>. O curso tem os objetivos de preparar, atualizar e qualificar profissionais sobre produtos, servi\u00e7os e processos industriais, com compet\u00eancia abrangente para solucionar problemas t\u00e9cnicos e de gest\u00e3o de empresa do setor automotivo.<\/p>\n<p>As aulas ser\u00e3o presenciais, com carga hor\u00e1ria m\u00ednima de 372 horas\/aula e dura\u00e7\u00e3o de at\u00e9 30 meses. As aulas ser\u00e3o ministradas no Departamento de Engenharia Mec\u00e2nica da Poli (av. Prof. Mello Moraes, 2.231, Cidade Universit\u00e1ria, S\u00e3o Paulo), nas noites de sextas-feiras e manh\u00e3s de s\u00e1bados.<\/p>\n<p>O corpo docente \u00e9 formado por professores da pr\u00f3pria universidade e especialistas convidados. O curso tem o reconhecimento do Minist\u00e9rio da Educa\u00e7\u00e3o e o certificado de especialista \u00e9 emitido pela USP. A monografia dever\u00e1 ter foco na solu\u00e7\u00e3o de um problema real de empresa do setor automotivo.<\/p>\n<p>O interessado em participar do processo seletivo dever\u00e1 comparecer \u00e0 Secretaria da Engenharia Automotiva da Poli, trazendo os documentos requeridos e pagar a taxa de inscri\u00e7\u00e3o de R$ 350. Os documentos requeridos s\u00e3o:\u00a0\u00a0preenchida, c\u00f3pia do CPF, c\u00f3pia do RG, c\u00f3pia do diploma do curso superior, c\u00f3pia do comprovante de resid\u00eancia, uma foto 3&#215;4 recente e curriculum vitae atualizado.<\/p>\n<p>Mais informa\u00e7\u00f5es:\u00a0\u00a0ou (11) 3817-5488 e 3091-9885.<\/p>\n","protected":false},"excerpt":{"rendered":"<p>Ag\u00eancia FAPESP\u00a0\u2013 O Centro de Engenharia Automotiva (CEA) da Escola Polit\u00e9cnica da Universidade de S\u00e3o Paulo (Poli-USP) est\u00e1 com inscri\u00e7\u00f5es abertas at\u00e9 1\u00ba de dezembro de 2017 para a turma 2018 do curso de Especializa\u00e7\u00e3o em Engenharia Automotiva. O curso tem os objetivos de preparar, atualizar e qualificar profissionais sobre produtos, servi\u00e7os e processos industriais, [&hellip;]<\/p>\n","protected":false},"author":2,"featured_media":28951,"comment_status":"closed","ping_status":"closed","sticky":false,"template":"","format":"standard","meta":{"tdm_status":"","tdm_grid_status":"","footnotes":""},"categories":[22,351,370],"tags":[],"class_list":{"0":"post-127260","1":"post","2":"type-post","3":"status-publish","4":"format-standard","5":"has-post-thumbnail","7":"category-brasil","8":"category-cursos","9":"category-inscricao"},"_links":{"self":[{"href":"https:\/\/migracao.redenoticia.com.br\/noticia\/wp-json\/wp\/v2\/posts\/127260","targetHints":{"allow":["GET"]}}],"collection":[{"href":"https:\/\/migracao.redenoticia.com.br\/noticia\/wp-json\/wp\/v2\/posts"}],"about":[{"href":"https:\/\/migracao.redenoticia.com.br\/noticia\/wp-json\/wp\/v2\/types\/post"}],"author":[{"embeddable":true,"href":"https:\/\/migracao.redenoticia.com.br\/noticia\/wp-json\/wp\/v2\/users\/2"}],"replies":[{"embeddable":true,"href":"https:\/\/migracao.redenoticia.com.br\/noticia\/wp-json\/wp\/v2\/comments?post=127260"}],"version-history":[{"count":0,"href":"https:\/\/migracao.redenoticia.com.br\/noticia\/wp-json\/wp\/v2\/posts\/127260\/revisions"}],"wp:featuredmedia":[{"embeddable":true,"href":"https:\/\/migracao.redenoticia.com.br\/noticia\/wp-json\/wp\/v2\/media\/28951"}],"wp:attachment":[{"href":"https:\/\/migracao.redenoticia.com.br\/noticia\/wp-json\/wp\/v2\/media?parent=127260"}],"wp:term":[{"taxonomy":"category","embeddable":true,"href":"https:\/\/migracao.redenoticia.com.br\/noticia\/wp-json\/wp\/v2\/categories?post=127260"},{"taxonomy":"post_tag","embeddable":true,"href":"https:\/\/migracao.redenoticia.com.br\/noticia\/wp-json\/wp\/v2\/tags?post=127260"}],"curies":[{"name":"wp","href":"https:\/\/api.w.org\/{rel}","templated":true}]}}