{"id":127352,"date":"2017-11-30T16:43:00","date_gmt":"2017-11-30T18:43:00","guid":{"rendered":"https:\/\/www.redenoticia.com.br\/noticia\/?p=127352"},"modified":"2017-12-01T18:08:30","modified_gmt":"2017-12-01T20:08:30","slug":"resumo-novela-carinha-de-anjo-01-12-franciely-sai-com-beto","status":"publish","type":"post","link":"https:\/\/migracao.redenoticia.com.br\/noticia\/2017\/resumo-novela-carinha-de-anjo-01-12-franciely-sai-com-beto\/127352","title":{"rendered":"Resumo novela \u201cCarinha de Anjo\u201d 01\/12: Franciely sai com Beto"},"content":{"rendered":"<p> <img loading=\"lazy\" decoding=\"async\" class=\"alignleft size-thumbnail wp-image-99331\" src=\"https:\/\/migracao.redenoticia.com.br\/noticia\/imagens\/carinha_de_anjo_sbt_novela_resumo_capitulo-150x112.jpg\" alt=\"carinha_de_anjo_sbt_novela_resumo_capitulo\" width=\"150\" height=\"112\" srcset=\"https:\/\/migracao.redenoticia.com.br\/noticia\/imagens\/carinha_de_anjo_sbt_novela_resumo_capitulo-150x112.jpg 150w, https:\/\/migracao.redenoticia.com.br\/noticia\/imagens\/carinha_de_anjo_sbt_novela_resumo_capitulo-265x198.jpg 265w\" sizes=\"auto, (max-width: 150px) 100vw, 150px\" \/><strong><em>Resumo novela \u201cCarinha de Anjo\u201d 01\/12<\/em><\/strong>: no cap\u00edtulo 270(*) da novela \u201cCarinha de Anjo\u201d, resumo de sexta-feira, 01 de dezembro, Beto liga para Franciely e a chama para sair. Ela aceita. Silvana \u00e9 promovida. Agora ela \u00e9 secret\u00e1ria de Gustavo. Estef\u00e2nia e Dulce levam Cec\u00edlia para comprar roupas novas. Ansioso, Gustavo vai \u00e0 casa de Cec\u00edlia e n\u00e3o a encontra. Z\u00e9 Felipe comenta com Zeca e Miguel que percebeu que seus pais t\u00eam brigado muito. Estef\u00e2nia e Dulce levam Cec\u00edlia ao sal\u00e3o de beleza para uma transforma\u00e7\u00e3o. Peixoto diz a Emilio que no dia seguinte eles ir\u00e3o \u00e0 casa de Luciano pedir desculpas. Franciely sai com Beto e acaba contando tudo sobre Gustavo.<\/p>\n<p>(*) edi\u00e7\u00e3o do SBT, Novela \u201cCarinha de Anjo\u201d, sujeito a altera\u00e7\u00e3o de data e conte\u00fado.<\/p>\n<p>Carinha de Anjo \u00e9 uma telenovela brasileira produzida e exibida originalmente pelo SBT desde o dia 21 de novembro de 2016, substituindo o hor\u00e1rio anteriormente ocupado por C\u00famplices de um Resgate. A telenovela \u00e9 inspirada na mexicana Carita de \u00e1ngel, que, por sua vez, \u00e9 um remake de Mundo de juguete, ambas produzidas pela Televisa e que haviam sido baseadas na trama argentina escrita por Abel Santa Cruz, Pap\u00e1 coraz\u00f3n. Esta ser\u00e1 a segunda adapta\u00e7\u00e3o brasileira da obra original argentina, visto que a Rede Tupi apresentou em 1976 a sua primeira vers\u00e3o, chamada de Papai Cora\u00e7\u00e3o. A nova vers\u00e3o \u00e9 escrita por Leonor Corr\u00eaa, com supervis\u00e3o de \u00cdris Abravanel e dire\u00e7\u00e3o geral de Ricardo Mantoanelli. A trama conta com Lorena Queiroz, Bia Arantes, Carlo Porto, Priscila Sol, Dani Gondim, Karin Hils, Eliana Guttman e Lucero nos pap\u00e9is principais.<\/p>\n","protected":false},"excerpt":{"rendered":"<p>Resumo novela \u201cCarinha de Anjo\u201d 01\/12: no cap\u00edtulo 270(*) da novela \u201cCarinha de Anjo\u201d, resumo de sexta-feira, 01 de dezembro, Beto liga para Franciely e a chama para sair. Ela aceita. Silvana \u00e9 promovida. Agora ela \u00e9 secret\u00e1ria de Gustavo. Estef\u00e2nia e Dulce levam Cec\u00edlia para comprar roupas novas. Ansioso, Gustavo vai \u00e0 casa de [&hellip;]<\/p>\n","protected":false},"author":2,"featured_media":99331,"comment_status":"closed","ping_status":"closed","sticky":false,"template":"","format":"standard","meta":{"tdm_status":"","tdm_grid_status":"","footnotes":""},"categories":[452,379,372,343],"tags":[441],"class_list":{"0":"post-127352","1":"post","2":"type-post","3":"status-publish","4":"format-standard","5":"has-post-thumbnail","7":"category-carinha-de-anjo","8":"category-novelas","9":"category-sbt","10":"category-televisao","11":"tag-resumo-do-dia"},"_links":{"self":[{"href":"https:\/\/migracao.redenoticia.com.br\/noticia\/wp-json\/wp\/v2\/posts\/127352","targetHints":{"allow":["GET"]}}],"collection":[{"href":"https:\/\/migracao.redenoticia.com.br\/noticia\/wp-json\/wp\/v2\/posts"}],"about":[{"href":"https:\/\/migracao.redenoticia.com.br\/noticia\/wp-json\/wp\/v2\/types\/post"}],"author":[{"embeddable":true,"href":"https:\/\/migracao.redenoticia.com.br\/noticia\/wp-json\/wp\/v2\/users\/2"}],"replies":[{"embeddable":true,"href":"https:\/\/migracao.redenoticia.com.br\/noticia\/wp-json\/wp\/v2\/comments?post=127352"}],"version-history":[{"count":0,"href":"https:\/\/migracao.redenoticia.com.br\/noticia\/wp-json\/wp\/v2\/posts\/127352\/revisions"}],"wp:featuredmedia":[{"embeddable":true,"href":"https:\/\/migracao.redenoticia.com.br\/noticia\/wp-json\/wp\/v2\/media\/99331"}],"wp:attachment":[{"href":"https:\/\/migracao.redenoticia.com.br\/noticia\/wp-json\/wp\/v2\/media?parent=127352"}],"wp:term":[{"taxonomy":"category","embeddable":true,"href":"https:\/\/migracao.redenoticia.com.br\/noticia\/wp-json\/wp\/v2\/categories?post=127352"},{"taxonomy":"post_tag","embeddable":true,"href":"https:\/\/migracao.redenoticia.com.br\/noticia\/wp-json\/wp\/v2\/tags?post=127352"}],"curies":[{"name":"wp","href":"https:\/\/api.w.org\/{rel}","templated":true}]}}