{"id":127426,"date":"2017-12-01T01:44:22","date_gmt":"2017-12-01T03:44:22","guid":{"rendered":"https:\/\/www.redenoticia.com.br\/noticia\/?p=127426"},"modified":"2017-12-01T18:07:45","modified_gmt":"2017-12-01T20:07:45","slug":"pessoas-que-nunca-tiveram-dengue-nao-devem-tomar-vacina-da-doenca-diz-anvisa","status":"publish","type":"post","link":"https:\/\/migracao.redenoticia.com.br\/noticia\/2017\/pessoas-que-nunca-tiveram-dengue-nao-devem-tomar-vacina-da-doenca-diz-anvisa\/127426","title":{"rendered":"Pessoas que nunca tiveram dengue n\u00e3o devem tomar vacina da doen\u00e7a, diz Anvisa"},"content":{"rendered":"<p> A Ag\u00eancia Nacional de Vigil\u00e2ncia Sanit\u00e1ria divulgou que o laborat\u00f3rio Sanofi-Aventis, fabricante da vacina da dengue, apresentou informa\u00e7\u00f5es que sugerem que pessoas que nunca tiveram contato com o v\u00edrus da <strong><em>dengue<\/em><\/strong> podem desenvolver formas mais graves da doen\u00e7a caso tomem a vacina. A vacina Dengvaxia foi aprovada no Brasil em 28 de dezembro de 2015 e n\u00e3o \u00e9 oferecida pelo Programa Nacional de Imuniza\u00e7\u00f5es.<\/p>\n<p> A suspeita do laborat\u00f3rio, apresentada nesta semana,  ainda n\u00e3o \u00e9 conclusiva, mas, diante do problema, a recomenda\u00e7\u00e3o da Anvisa \u00e9 que a vacina n\u00e3o seja tomada por pessoas que nunca tiveram dengue. Apesar de esclarecer que a vacina por si s\u00f3 n\u00e3o \u00e9 capaz de desencadear um quadro grave da doen\u00e7a nem induzir ao aparecimento espont\u00e2neo da dengue &#8211; para isso, \u00e9 preciso ser picado por um mosquito infectado -, existe a possibilidade de que pessoas soronegativas desenvolvam um quadro mais agudo de dengue caso sejam infectadas ap\u00f3s terem recebido o medicamento.<\/p>\n<p>A bula da vacina ser\u00e1 atualizada enquanto a Anvisa avalia os dados completos dos estudos, que ainda ser\u00e3o apresentados pelo fabricante. A vacina da Sanofi, chamada Dengvaxia, \u00e9 a \u00fanica aprovada no Brasil. O produto \u00e9 indicado para imuniza\u00e7\u00e3o contra os quatro subtipos do v\u00edrus. Para as pessoas que j\u00e1 tiveram dengue, a Anvisa avalia que o benef\u00edcio do uso da vacina permanece favor\u00e1vel.<\/p>\n<p>Por meio de um comunicado, a Anvisa esclareceu que \u201ceste risco n\u00e3o havia sido identificado nos estudos apresentados para o registro da vacina na popula\u00e7\u00e3o para a qual a vacina foi aprovada\u201d. A ag\u00eancia informou que, antes do registro, os efeitos da imuniza\u00e7\u00e3o foram estudados em mais de 40 mil pessoas em todo o mundo, e que as pesquisas seguiram os padr\u00f5es estabelecidos por guias internacionais da Organiza\u00e7\u00e3o Mundial da Sa\u00fade (OMS).<\/p>\n<p>Maiana Diniz &#8211; Rep\u00f3rter da Ag\u00eancia Brasil<br \/>\nEdi\u00e7\u00e3o: Davi Oliveira<br \/>\n01\/12\/2017<\/p>\n","protected":false},"excerpt":{"rendered":"<p>A Ag\u00eancia Nacional de Vigil\u00e2ncia Sanit\u00e1ria divulgou que o laborat\u00f3rio Sanofi-Aventis, fabricante da vacina da dengue, apresentou informa\u00e7\u00f5es que sugerem que pessoas que nunca tiveram contato com o v\u00edrus da dengue podem desenvolver formas mais graves da doen\u00e7a caso tomem a vacina. A vacina Dengvaxia foi aprovada no Brasil em 28 de dezembro de 2015 [&hellip;]<\/p>\n","protected":false},"author":2,"featured_media":34747,"comment_status":"closed","ping_status":"closed","sticky":false,"template":"","format":"standard","meta":{"tdm_status":"","tdm_grid_status":"","footnotes":""},"categories":[22,5],"tags":[],"class_list":{"0":"post-127426","1":"post","2":"type-post","3":"status-publish","4":"format-standard","5":"has-post-thumbnail","7":"category-brasil","8":"category-saude-e-vida"},"_links":{"self":[{"href":"https:\/\/migracao.redenoticia.com.br\/noticia\/wp-json\/wp\/v2\/posts\/127426","targetHints":{"allow":["GET"]}}],"collection":[{"href":"https:\/\/migracao.redenoticia.com.br\/noticia\/wp-json\/wp\/v2\/posts"}],"about":[{"href":"https:\/\/migracao.redenoticia.com.br\/noticia\/wp-json\/wp\/v2\/types\/post"}],"author":[{"embeddable":true,"href":"https:\/\/migracao.redenoticia.com.br\/noticia\/wp-json\/wp\/v2\/users\/2"}],"replies":[{"embeddable":true,"href":"https:\/\/migracao.redenoticia.com.br\/noticia\/wp-json\/wp\/v2\/comments?post=127426"}],"version-history":[{"count":0,"href":"https:\/\/migracao.redenoticia.com.br\/noticia\/wp-json\/wp\/v2\/posts\/127426\/revisions"}],"wp:featuredmedia":[{"embeddable":true,"href":"https:\/\/migracao.redenoticia.com.br\/noticia\/wp-json\/wp\/v2\/media\/34747"}],"wp:attachment":[{"href":"https:\/\/migracao.redenoticia.com.br\/noticia\/wp-json\/wp\/v2\/media?parent=127426"}],"wp:term":[{"taxonomy":"category","embeddable":true,"href":"https:\/\/migracao.redenoticia.com.br\/noticia\/wp-json\/wp\/v2\/categories?post=127426"},{"taxonomy":"post_tag","embeddable":true,"href":"https:\/\/migracao.redenoticia.com.br\/noticia\/wp-json\/wp\/v2\/tags?post=127426"}],"curies":[{"name":"wp","href":"https:\/\/api.w.org\/{rel}","templated":true}]}}