{"id":127471,"date":"2017-12-03T22:33:07","date_gmt":"2017-12-04T00:33:07","guid":{"rendered":"https:\/\/www.redenoticia.com.br\/noticia\/?p=127471"},"modified":"2017-12-03T22:37:13","modified_gmt":"2017-12-04T00:37:13","slug":"projeto-na-esalq-tem-vaga-de-pos-doutorado-com-bolsa-da-fapesp","status":"publish","type":"post","link":"https:\/\/migracao.redenoticia.com.br\/noticia\/2017\/projeto-na-esalq-tem-vaga-de-pos-doutorado-com-bolsa-da-fapesp\/127471","title":{"rendered":"Projeto na Esalq tem vaga de p\u00f3s-doutorado com Bolsa da FAPESP"},"content":{"rendered":"<p> Ag\u00eancia FAPESP\u00a0\u2013 O\u00a0\u00a0disp\u00f5e de uma vaga de <strong><em>p\u00f3s-doutorado<\/em><\/strong> na Escola Superior de Agricultura Luiz de Queiroz da USP, com Bolsa da FAPESP. O prazo de inscri\u00e7\u00e3o termina em 12 de dezembro de 2017.<\/p>\n<p>No projeto, o bolsista investigar\u00e1 a distribui\u00e7\u00e3o espacial do pisil\u00eddeo\u00a0Diaphorina citri\u00a0e a dispers\u00e3o da doen\u00e7a de citros HLB. Utilizar\u00e1 tamb\u00e9m dados de campo e laborat\u00f3rio do g\u00eanero\u00a0Spodoptera\u00a0a fim de desenvolver modelos espaciais para explicar a din\u00e2mica de diferentes esp\u00e9cies de acordo com as mudan\u00e7as clim\u00e1ticas.<\/p>\n<p>O candidato deve ter doutorado em Ecologia, Entomologia ou \u00e1reas correlatas. Exigem-se para a vaga: conhecimento e experi\u00eancia com Sistemas de Informa\u00e7\u00f5es Geogr\u00e1ficas (SIG); habilidades quantitativas, particularmente com modelos espaciais; s\u00f3lido treinamento em linguagem computacional. Desej\u00e1vel conhecimento e experi\u00eancia de trabalho com\u00a0Diaphorina citri\u00a0e\u00a0Spodoptera.<\/p>\n<p>As inscri\u00e7\u00f5es dever\u00e3o ser feitas exclusivamente por e-mail para o professor\u00a0\u00a0(jrpparra@usp.br), coordenador do Instituto. Junto ao e-mail, o candidato deve anexar carta de motiva\u00e7\u00e3o, duas cartas de refer\u00eancia e curriculum vitae com artigos publicados.<\/p>\n<p>Mais informa\u00e7\u00f5es sobre a vaga est\u00e3o dispon\u00edveis em\u00a0.<\/p>\n<p>A oportunidade est\u00e1 aberta a brasileiros e estrangeiros. O selecionado receber\u00e1 Bolsa de P\u00f3s-Doutorado da FAPESP no valor de R$ 7.174,80 mensais e Reserva T\u00e9cnica. A Reserva T\u00e9cnica de Bolsa de PD equivale a 15% do valor anual da bolsa e tem o objetivo de atender a despesas imprevistas e diretamente relacionadas \u00e0 atividade de pesquisa.<\/p>\n<p>Caso o bolsista resida em domic\u00edlio diferente e precise se mudar para a cidade onde se localiza a institui\u00e7\u00e3o-sede da pesquisa, poder\u00e1 ter direito a um Aux\u00edlio-Instala\u00e7\u00e3o. Mais informa\u00e7\u00f5es sobre a Bolsa de P\u00f3s-Doutorado da FAPESP est\u00e3o dispon\u00edveis em\u00a0.<\/p>\n<p>Outras vagas de bolsas, em diversas \u00e1reas do conhecimento, est\u00e3o no site FAPESP-Oportunidades, em\u00a0.<\/p>\n","protected":false},"excerpt":{"rendered":"<p>Ag\u00eancia FAPESP\u00a0\u2013 O\u00a0\u00a0disp\u00f5e de uma vaga de p\u00f3s-doutorado na Escola Superior de Agricultura Luiz de Queiroz da USP, com Bolsa da FAPESP. O prazo de inscri\u00e7\u00e3o termina em 12 de dezembro de 2017. No projeto, o bolsista investigar\u00e1 a distribui\u00e7\u00e3o espacial do pisil\u00eddeo\u00a0Diaphorina citri\u00a0e a dispers\u00e3o da doen\u00e7a de citros HLB. Utilizar\u00e1 tamb\u00e9m dados de [&hellip;]<\/p>\n","protected":false},"author":2,"featured_media":36248,"comment_status":"closed","ping_status":"closed","sticky":false,"template":"","format":"standard","meta":{"tdm_status":"","tdm_grid_status":"","footnotes":""},"categories":[22,370,353],"tags":[],"class_list":{"0":"post-127471","1":"post","2":"type-post","3":"status-publish","4":"format-standard","5":"has-post-thumbnail","7":"category-brasil","8":"category-inscricao","9":"category-oportunidades"},"_links":{"self":[{"href":"https:\/\/migracao.redenoticia.com.br\/noticia\/wp-json\/wp\/v2\/posts\/127471","targetHints":{"allow":["GET"]}}],"collection":[{"href":"https:\/\/migracao.redenoticia.com.br\/noticia\/wp-json\/wp\/v2\/posts"}],"about":[{"href":"https:\/\/migracao.redenoticia.com.br\/noticia\/wp-json\/wp\/v2\/types\/post"}],"author":[{"embeddable":true,"href":"https:\/\/migracao.redenoticia.com.br\/noticia\/wp-json\/wp\/v2\/users\/2"}],"replies":[{"embeddable":true,"href":"https:\/\/migracao.redenoticia.com.br\/noticia\/wp-json\/wp\/v2\/comments?post=127471"}],"version-history":[{"count":0,"href":"https:\/\/migracao.redenoticia.com.br\/noticia\/wp-json\/wp\/v2\/posts\/127471\/revisions"}],"wp:featuredmedia":[{"embeddable":true,"href":"https:\/\/migracao.redenoticia.com.br\/noticia\/wp-json\/wp\/v2\/media\/36248"}],"wp:attachment":[{"href":"https:\/\/migracao.redenoticia.com.br\/noticia\/wp-json\/wp\/v2\/media?parent=127471"}],"wp:term":[{"taxonomy":"category","embeddable":true,"href":"https:\/\/migracao.redenoticia.com.br\/noticia\/wp-json\/wp\/v2\/categories?post=127471"},{"taxonomy":"post_tag","embeddable":true,"href":"https:\/\/migracao.redenoticia.com.br\/noticia\/wp-json\/wp\/v2\/tags?post=127471"}],"curies":[{"name":"wp","href":"https:\/\/api.w.org\/{rel}","templated":true}]}}