{"id":127551,"date":"2017-12-02T00:31:52","date_gmt":"2017-12-02T02:31:52","guid":{"rendered":"https:\/\/www.redenoticia.com.br\/noticia\/?p=127551"},"modified":"2017-12-02T00:31:52","modified_gmt":"2017-12-02T02:31:52","slug":"resumo-novela-carinha-de-anjo-04-12-gustavo-pede-cecilia-em-casamento","status":"publish","type":"post","link":"https:\/\/migracao.redenoticia.com.br\/noticia\/2017\/resumo-novela-carinha-de-anjo-04-12-gustavo-pede-cecilia-em-casamento\/127551","title":{"rendered":"Resumo novela \u201cCarinha de Anjo\u201d 04\/12: Gustavo pede Cec\u00edlia em casamento"},"content":{"rendered":"<p> <img loading=\"lazy\" decoding=\"async\" class=\"alignleft size-thumbnail wp-image-99331\" src=\"https:\/\/migracao.redenoticia.com.br\/noticia\/imagens\/carinha_de_anjo_sbt_novela_resumo_capitulo-150x112.jpg\" alt=\"carinha_de_anjo_sbt_novela_resumo_capitulo\" width=\"150\" height=\"112\" srcset=\"https:\/\/migracao.redenoticia.com.br\/noticia\/imagens\/carinha_de_anjo_sbt_novela_resumo_capitulo-150x112.jpg 150w, https:\/\/migracao.redenoticia.com.br\/noticia\/imagens\/carinha_de_anjo_sbt_novela_resumo_capitulo-265x198.jpg 265w\" sizes=\"auto, (max-width: 150px) 100vw, 150px\" \/><strong><em>Resumo novela \u201cCarinha de Anjo\u201d 04\/12<\/em><\/strong>: no cap\u00edtulo 271(*) da novela \u201cCarinha de Anjo\u201d, resumo de segunda-feira, 04 de dezembro, Gustavo chega e v\u00ea Cec\u00edlia deslumbrante ao lado de uma mesa preparada para o jantar. Eles se beijam. Fabiana fala de sua conversa com Diana e In\u00e1cio para a Madre. Gustavo pede Cec\u00edlia em casamento e ela aceita. Diana e In\u00e1cio conversam. Dulce diz a todos no col\u00e9gio que seu pai se casar\u00e1 com Cec\u00edlia. Frida diz para ela n\u00e3o comemorar antes da hora, j\u00e1 que Gustavo \u00e9 mulherengo. As duas brigam. Nicole se encontra com Leonardo e ele prop\u00f5e que eles se juntem para destruir os L\u00e1rios.<\/p>\n<p>(*) edi\u00e7\u00e3o do SBT, Novela \u201cCarinha de Anjo\u201d, sujeito a altera\u00e7\u00e3o de data e conte\u00fado.<\/p>\n<p>Carinha de Anjo \u00e9 uma telenovela brasileira produzida e exibida originalmente pelo SBT desde o dia 21 de novembro de 2016, substituindo o hor\u00e1rio anteriormente ocupado por C\u00famplices de um Resgate. A telenovela \u00e9 inspirada na mexicana Carita de \u00e1ngel, que, por sua vez, \u00e9 um remake de Mundo de juguete, ambas produzidas pela Televisa e que haviam sido baseadas na trama argentina escrita por Abel Santa Cruz, Pap\u00e1 coraz\u00f3n. Esta ser\u00e1 a segunda adapta\u00e7\u00e3o brasileira da obra original argentina, visto que a Rede Tupi apresentou em 1976 a sua primeira vers\u00e3o, chamada de Papai Cora\u00e7\u00e3o. A nova vers\u00e3o \u00e9 escrita por Leonor Corr\u00eaa, com supervis\u00e3o de \u00cdris Abravanel e dire\u00e7\u00e3o geral de Ricardo Mantoanelli. A trama conta com Lorena Queiroz, Bia Arantes, Carlo Porto, Priscila Sol, Dani Gondim, Karin Hils, Eliana Guttman e Lucero nos pap\u00e9is principais.<\/p>\n","protected":false},"excerpt":{"rendered":"<p>Resumo novela \u201cCarinha de Anjo\u201d 04\/12: no cap\u00edtulo 271(*) da novela \u201cCarinha de Anjo\u201d, resumo de segunda-feira, 04 de dezembro, Gustavo chega e v\u00ea Cec\u00edlia deslumbrante ao lado de uma mesa preparada para o jantar. Eles se beijam. Fabiana fala de sua conversa com Diana e In\u00e1cio para a Madre. Gustavo pede Cec\u00edlia em casamento [&hellip;]<\/p>\n","protected":false},"author":2,"featured_media":99331,"comment_status":"closed","ping_status":"closed","sticky":false,"template":"","format":"standard","meta":{"tdm_status":"","tdm_grid_status":"","footnotes":""},"categories":[452,379,372,343],"tags":[441],"class_list":{"0":"post-127551","1":"post","2":"type-post","3":"status-publish","4":"format-standard","5":"has-post-thumbnail","7":"category-carinha-de-anjo","8":"category-novelas","9":"category-sbt","10":"category-televisao","11":"tag-resumo-do-dia"},"_links":{"self":[{"href":"https:\/\/migracao.redenoticia.com.br\/noticia\/wp-json\/wp\/v2\/posts\/127551","targetHints":{"allow":["GET"]}}],"collection":[{"href":"https:\/\/migracao.redenoticia.com.br\/noticia\/wp-json\/wp\/v2\/posts"}],"about":[{"href":"https:\/\/migracao.redenoticia.com.br\/noticia\/wp-json\/wp\/v2\/types\/post"}],"author":[{"embeddable":true,"href":"https:\/\/migracao.redenoticia.com.br\/noticia\/wp-json\/wp\/v2\/users\/2"}],"replies":[{"embeddable":true,"href":"https:\/\/migracao.redenoticia.com.br\/noticia\/wp-json\/wp\/v2\/comments?post=127551"}],"version-history":[{"count":0,"href":"https:\/\/migracao.redenoticia.com.br\/noticia\/wp-json\/wp\/v2\/posts\/127551\/revisions"}],"wp:featuredmedia":[{"embeddable":true,"href":"https:\/\/migracao.redenoticia.com.br\/noticia\/wp-json\/wp\/v2\/media\/99331"}],"wp:attachment":[{"href":"https:\/\/migracao.redenoticia.com.br\/noticia\/wp-json\/wp\/v2\/media?parent=127551"}],"wp:term":[{"taxonomy":"category","embeddable":true,"href":"https:\/\/migracao.redenoticia.com.br\/noticia\/wp-json\/wp\/v2\/categories?post=127551"},{"taxonomy":"post_tag","embeddable":true,"href":"https:\/\/migracao.redenoticia.com.br\/noticia\/wp-json\/wp\/v2\/tags?post=127551"}],"curies":[{"name":"wp","href":"https:\/\/api.w.org\/{rel}","templated":true}]}}